{"id":106715,"date":"2017-03-03T17:57:35","date_gmt":"2017-03-03T15:57:35","guid":{"rendered":"http:\/\/www.sana.sy\/tr\/?p=106715"},"modified":"2017-03-04T16:01:39","modified_gmt":"2017-03-04T14:01:39","slug":"kusatma-altindaki-ahaliye-havadan-yardim-devam-ediyor","status":"publish","type":"post","link":"https:\/\/archive.sana.sy\/tr\/?p=106715","title":{"rendered":"Ku\u015fatma Alt\u0131ndaki Ahaliye Havadan Yard\u0131m Devam Ediyor"},"content":{"rendered":"<p>\u015eAM \u2013 D\u0131\u015f g\u00fc\u00e7lerin destek ve komutas\u0131nda faaliyet g\u00f6steren ter\u00f6ristlerin sald\u0131r\u0131lar\u0131 ve ku\u015fatmalar\u0131 neticesinde muhtelif b\u00f6lgelerde halk\u0131n ya\u015fad\u0131\u011f\u0131 ac\u0131lar\u0131 hafifletme ama\u00e7l\u0131 \u00e7abalar devam ederken, \u0130\u00e7 Ticaret ve T\u00fcketiciyi Koruma Bakanl\u0131\u011f\u0131 bir k\u0131s\u0131m b\u00f6lgelere g\u0131da ve muhtelif ihtiya\u00e7 maddeleri i\u00e7eren yard\u0131mlar g\u00f6nderdi.<\/p>\n<p>Bakanl\u0131kta yetkili bir kaynak SANA\u2019ya a\u00e7\u0131klamalar\u0131nda Deyrezzor\u2019da I\u015e\u0130D ku\u015fatmas\u0131 alt\u0131ndaki vatanda\u015flara yard\u0131m ve destek ama\u00e7l\u0131 olarak 21 ton g\u0131da maddeleri g\u00f6nderildi\u011fini belirtti. Kaynak f\u0131da maddelerinin havadan para\u015f\u00fctlerle aktar\u0131ld\u0131\u011f\u0131na dikkat \u00e7ekti.<\/p>\n<p>Bakanl\u0131\u011f\u0131n iki g\u00fcn \u00f6nce yine Deyrezzor ahalisine 5 yon kadar ekmek g\u00f6nderdi\u011fini ifade eden kaynak, bunlar\u0131n da yine havadan para\u015f\u00fctlerle b\u0131rak\u0131ld\u0131\u011f\u0131n\u0131 ve K\u0131z\u0131lay \u00d6rg\u00fct\u00fc taraf\u0131ndan halka da\u011f\u0131t\u0131ld\u0131\u011f\u0131n\u0131 ifade etti.<\/p>\n<p>\u0130dlib k\u0131rsal\u0131nda Erdo\u011fan ve Al Suud rejimlerine tabi ter\u00f6r \u00f6rg\u00fctleri taraf\u0131ndan y\u0131llard\u0131r ku\u015fatma alt\u0131nda tutulan ve keskin ni\u015fanc\u0131 ter\u00f6ristlerin yan\u0131 s\u0131ra f\u00fcze ve havan roketlerine maruz kalan Fua ve Kefrayya beldelerine de yard\u0131m g\u00f6nderildi\u011fini belirten kaynak; hava ko\u015fullar\u0131n\u0131n her uygun olmas\u0131nda s\u00f6z konusu b\u00f6lgelere havadan yard\u0131m aktarma \u00e7al\u0131\u015fmalar\u0131n\u0131n devam etti\u011fini ifade etti.<\/p>\n<p>Suriye ve Rus hava g\u00fc\u00e7leri gerek Deyrezzor, gerek Fua ve Kefrayya ya da ba\u015fka herhangi bir b\u00f6lgede d\u0131\u015f g\u00fc\u00e7lere hizmet eden ter\u00f6ristlerin ku\u015fatmas\u0131 alt\u0131ndaki b\u00f6lgelere havadan para\u015f\u00fctlerle g\u0131da, t\u0131bbi ve daha muhtelif yard\u0131mlar b\u0131rak\u0131yor.<\/p>\n","protected":false},"excerpt":{"rendered":"<p>\u015eAM \u2013 D\u0131\u015f g\u00fc\u00e7lerin destek ve komutas\u0131nda faaliyet g\u00f6steren ter\u00f6ristlerin sald\u0131r\u0131lar\u0131 ve ku\u015fatmalar\u0131 neticesinde muhtelif b\u00f6lgelerde halk\u0131n ya\u015fad\u0131\u011f\u0131 ac\u0131lar\u0131 hafifletme ama\u00e7l\u0131 \u00e7abalar devam ederken, \u0130\u00e7 Ticaret ve T\u00fcketiciyi Koruma Bakanl\u0131\u011f\u0131 bir k\u0131s\u0131m b\u00f6lgelere g\u0131da ve muhtelif ihtiya\u00e7 maddeleri i\u00e7eren yard\u0131mlar g\u00f6nderdi. Bakanl\u0131kta yetkili bir kaynak SANA\u2019ya a\u00e7\u0131klamalar\u0131nda Deyrezzor\u2019da I\u015e\u0130D ku\u015fatmas\u0131 alt\u0131ndaki vatanda\u015flara yard\u0131m ve destek &hellip;<\/p>\n","protected":false},"author":1,"featured_media":106716,"comment_status":"closed","ping_status":"closed","sticky":false,"template":"","format":"standard","meta":{"footnotes":""},"categories":[479,17988,478],"tags":[28098],"class_list":["post-106715","post","type-post","status-publish","format-standard","has-post-thumbnail","","category-haberler-yerel","category-son-haberler","category-yerel","tag-kusatma-altindaki-ahaliye-havadan-yardim-devam-ediyor"],"_links":{"self":[{"href":"https:\/\/archive.sana.sy\/tr\/index.php?rest_route=\/wp\/v2\/posts\/106715","targetHints":{"allow":["GET"]}}],"collection":[{"href":"https:\/\/archive.sana.sy\/tr\/index.php?rest_route=\/wp\/v2\/posts"}],"about":[{"href":"https:\/\/archive.sana.sy\/tr\/index.php?rest_route=\/wp\/v2\/types\/post"}],"author":[{"embeddable":true,"href":"https:\/\/archive.sana.sy\/tr\/index.php?rest_route=\/wp\/v2\/users\/1"}],"replies":[{"embeddable":true,"href":"https:\/\/archive.sana.sy\/tr\/index.php?rest_route=%2Fwp%2Fv2%2Fcomments&post=106715"}],"version-history":[{"count":0,"href":"https:\/\/archive.sana.sy\/tr\/index.php?rest_route=\/wp\/v2\/posts\/106715\/revisions"}],"wp:featuredmedia":[{"embeddable":true,"href":"https:\/\/archive.sana.sy\/tr\/index.php?rest_route=\/wp\/v2\/media\/106716"}],"wp:attachment":[{"href":"https:\/\/archive.sana.sy\/tr\/index.php?rest_route=%2Fwp%2Fv2%2Fmedia&parent=106715"}],"wp:term":[{"taxonomy":"category","embeddable":true,"href":"https:\/\/archive.sana.sy\/tr\/index.php?rest_route=%2Fwp%2Fv2%2Fcategories&post=106715"},{"taxonomy":"post_tag","embeddable":true,"href":"https:\/\/archive.sana.sy\/tr\/index.php?rest_route=%2Fwp%2Fv2%2Ftags&post=106715"}],"curies":[{"name":"wp","href":"https:\/\/api.w.org\/{rel}","templated":true}]}}