{"id":106726,"date":"2017-03-04T13:20:04","date_gmt":"2017-03-04T11:20:04","guid":{"rendered":"http:\/\/www.sana.sy\/tr\/?p=106726"},"modified":"2017-03-04T13:27:15","modified_gmt":"2017-03-04T11:27:15","slug":"bm-gozetimi-altinda-23-subat-3-mart-tarihleri-arasinda-yapilan-suriyeliler-arasi-dolayli-diyalog-gorusmelerinin-dorduncu-turunda-suriye-hukumet-heyeti-baskani-bessar-el-caferi-10-gun-suren-g","status":"publish","type":"post","link":"https:\/\/archive.sana.sy\/tr\/?p=106726","title":{"rendered":"BM g\u00f6zetimi alt\u0131nda 23 \u015eubat \u2013 3 Mart tarihleri aras\u0131nda yap\u0131lan Suriyeliler aras\u0131 dolayl\u0131 diyalog g\u00f6r\u00fc\u015fmelerinin d\u00f6rd\u00fcnc\u00fc turunda Suriye h\u00fck\u00fcmet heyeti ba\u015fkan\u0131 Be\u015f\u015far el Caferi 10 g\u00fcn s\u00fcren g\u00f6r\u00fc\u015fmelerin seyri ve elde edilen sonu\u00e7lar hakk\u0131nda bas\u0131n toplant\u0131s\u0131 d\u00fczenliyor"},"content":{"rendered":"<p>BM g\u00f6zetimi alt\u0131nda 23 \u015eubat \u2013 3 Mart tarihleri aras\u0131nda yap\u0131lan Suriyeliler aras\u0131 dolayl\u0131 diyalog g\u00f6r\u00fc\u015fmelerinin d\u00f6rd\u00fcnc\u00fc turunda Suriye h\u00fck\u00fcmet heyeti ba\u015fkan\u0131 Be\u015f\u015far el Caferi 10 g\u00fcn s\u00fcren g\u00f6r\u00fc\u015fmelerin seyri ve elde edilen sonu\u00e7lar hakk\u0131nda bas\u0131n toplant\u0131s\u0131 d\u00fczenliyor<\/p>\n","protected":false},"excerpt":{"rendered":"<p>BM g\u00f6zetimi alt\u0131nda 23 \u015eubat \u2013 3 Mart tarihleri aras\u0131nda yap\u0131lan Suriyeliler aras\u0131 dolayl\u0131 diyalog g\u00f6r\u00fc\u015fmelerinin d\u00f6rd\u00fcnc\u00fc turunda Suriye h\u00fck\u00fcmet heyeti ba\u015fkan\u0131 Be\u015f\u015far el Caferi 10 g\u00fcn s\u00fcren g\u00f6r\u00fc\u015fmelerin seyri ve elde edilen sonu\u00e7lar hakk\u0131nda bas\u0131n toplant\u0131s\u0131 d\u00fczenliyor<\/p>\n","protected":false},"author":1,"featured_media":0,"comment_status":"closed","ping_status":"closed","sticky":false,"template":"","format":"standard","meta":{"footnotes":""},"categories":[17991],"tags":[],"class_list":["post-106726","post","type-post","status-publish","format-standard","","category-son-dakika"],"_links":{"self":[{"href":"https:\/\/archive.sana.sy\/tr\/index.php?rest_route=\/wp\/v2\/posts\/106726","targetHints":{"allow":["GET"]}}],"collection":[{"href":"https:\/\/archive.sana.sy\/tr\/index.php?rest_route=\/wp\/v2\/posts"}],"about":[{"href":"https:\/\/archive.sana.sy\/tr\/index.php?rest_route=\/wp\/v2\/types\/post"}],"author":[{"embeddable":true,"href":"https:\/\/archive.sana.sy\/tr\/index.php?rest_route=\/wp\/v2\/users\/1"}],"replies":[{"embeddable":true,"href":"https:\/\/archive.sana.sy\/tr\/index.php?rest_route=%2Fwp%2Fv2%2Fcomments&post=106726"}],"version-history":[{"count":0,"href":"https:\/\/archive.sana.sy\/tr\/index.php?rest_route=\/wp\/v2\/posts\/106726\/revisions"}],"wp:attachment":[{"href":"https:\/\/archive.sana.sy\/tr\/index.php?rest_route=%2Fwp%2Fv2%2Fmedia&parent=106726"}],"wp:term":[{"taxonomy":"category","embeddable":true,"href":"https:\/\/archive.sana.sy\/tr\/index.php?rest_route=%2Fwp%2Fv2%2Fcategories&post=106726"},{"taxonomy":"post_tag","embeddable":true,"href":"https:\/\/archive.sana.sy\/tr\/index.php?rest_route=%2Fwp%2Fv2%2Ftags&post=106726"}],"curies":[{"name":"wp","href":"https:\/\/api.w.org\/{rel}","templated":true}]}}