{"id":106730,"date":"2017-03-03T22:00:03","date_gmt":"2017-03-03T20:00:03","guid":{"rendered":"http:\/\/www.sana.sy\/tr\/?p=106730"},"modified":"2017-03-05T13:16:24","modified_gmt":"2017-03-05T11:16:24","slug":"dort-paket-es-zamanli-olarak-hayata-gecirilecek-video","status":"publish","type":"post","link":"https:\/\/archive.sana.sy\/tr\/?p=106730","title":{"rendered":"D\u00f6rt Paket E\u015f Zamanl\u0131 Olarak hayata Ge\u00e7irilecek (Video)"},"content":{"rendered":"<p>CENEVRE \u2013 BM g\u00f6zetimi alt\u0131nda Cenevre&#8217;de yap\u0131lan Suriyeliler aras\u0131 diyalog g\u00f6r\u00fc\u015fmelerinin 4. turu bitiminde BM Suriye \u00f6zel temsilcisi Staffan de Mistura 23 \u015eubat tarihinde ba\u015flay\u0131p 3 Martta sona eren bu temaslar\u0131n sonu\u00e7lar\u0131na \u0131\u015f\u0131k tutan bir bas\u0131n toplant\u0131s\u0131 d\u00fczenledi.<a href=\"http:\/\/www.sana.sy\/tr\/wp-content\/uploads\/2017\/03\/2-13.jpg\"><img loading=\"lazy\" decoding=\"async\" class=\"alignright wp-image-106736 size-medium\" src=\"http:\/\/www.sana.sy\/tr\/wp-content\/uploads\/2017\/03\/2-13-300x200.jpg\" width=\"300\" height=\"200\" srcset=\"https:\/\/archive.sana.sy\/tr\/wp-content\/uploads\/2017\/03\/2-13-300x200.jpg 300w, https:\/\/archive.sana.sy\/tr\/wp-content\/uploads\/2017\/03\/2-13-150x100.jpg 150w, https:\/\/archive.sana.sy\/tr\/wp-content\/uploads\/2017\/03\/2-13-768x511.jpg 768w, https:\/\/archive.sana.sy\/tr\/wp-content\/uploads\/2017\/03\/2-13-1024x681.jpg 1024w, https:\/\/archive.sana.sy\/tr\/wp-content\/uploads\/2017\/03\/2-13.jpg 1030w\" sizes=\"auto, (max-width: 300px) 100vw, 300px\" \/><\/a><\/p>\n<p>Bas\u0131n toplant\u0131s\u0131nda Suriyeliler aras\u0131 diyalog g\u00f6r\u00fc\u015fmeleri i\u00e7in a\u00e7\u0131k bir g\u00fcndem belirlendi\u011fini ifade eden de Mistura, Suriye h\u00fck\u00fcmet heyetinin talebi \u00fczerine ter\u00f6rle m\u00fccadele stratejisini i\u00e7eren yeni bir paketin g\u00fcndeme eklendi\u011fini kaydetti.<\/p>\n<p>De Mistura g\u00f6r\u00fc\u015fmelerin g\u00fcndeminde yer alan d\u00f6rt paketin e\u015f zamanl\u0131 olarak ele al\u0131nmas\u0131 sistemi \u00fczerinde g\u00f6r\u00fc\u015f birli\u011fi kaydedildi\u011fini a\u00e7\u0131klad\u0131.<\/p>\n<p>De Mistura, yakla\u015f\u0131k 10 ay sonra yeniden ba\u015flat\u0131lan ve 10 g\u00fcn s\u00fcren g\u00f6r\u00fc\u015fmelerin bazen zorluklarla kar\u015f\u0131la\u015fmas\u0131na ra\u011fmen olumlu ve yap\u0131c\u0131 sonu\u00e7lar verdi\u011fini ifade etti.<\/p>\n<p>\u00dcst\u00fcne anla\u015f\u0131lan g\u00fcndem paketlerine \u0131\u015f\u0131k tutan de Mistura; ilk paketin, mezhepsel olmayan kapsaml\u0131 ve g\u00fcvenirli\u011fi olan bir h\u00fck\u00fcmetin alt\u0131 ayl\u0131k s\u00fcre i\u00e7inde te\u015fkil edilmesine ili\u015fkin t\u00fcm noktalar\u0131 kapsad\u0131\u011f\u0131n\u0131 a\u00e7\u0131klad\u0131. De Mistura ikinci paketin ise alt\u0131 ayl\u0131k bir s\u00fcre i\u00e7inde yeni bir anayasan\u0131n te\u015fkil edilmesine ili\u015fkin t\u00fcm meseleleri i\u00e7erdi\u011fini belirtti. \u00dc\u00e7\u00fcnc\u00fc paketin ise yeni anayasa ard\u0131ndan 12 ayl\u0131k bir s\u00fcre i\u00e7inde d\u00fcr\u00fcst ve g\u00fcvenilir se\u00e7imlerin yap\u0131lmas\u0131n\u0131 \u00f6ng\u00f6rd\u00fc\u011f\u00fcne dikkat \u00e7eken de Mistura, bu se\u00e7imlerin yurtd\u0131\u015f\u0131nda olan ve se\u00e7imlere kat\u0131lma hakk\u0131na sahip \u015fahsiyetleri i\u00e7erece\u011fini s\u00f6yledi. D\u00f6rd\u00fcnc\u00fc paketin ise Suriye h\u00fck\u00fcmet heyetinin talebi \u00fczerine eklendi\u011fini ifade eden De Mistura, bunun ter\u00f6rle m\u00fccadele ve g\u00fcvenlik h\u00fck\u00fcmetinin stratejisini kapsad\u0131\u011f\u0131n\u0131 belirtti.<\/p>\n<p>BM Suriye \u00f6zel temsilcisi de Mistura, Astana ve Cenevre g\u00f6r\u00fc\u015fmelerinin birbirlerini tamamlad\u0131klar\u0131n\u0131 belirtirken, Suriye&#8217;de \u00e7at\u0131\u015fmalar\u0131n durdurulmas\u0131n\u0131 peki\u015ftirme ve kar\u015f\u0131l\u0131kl\u0131 g\u00fcveni artt\u0131rmay\u0131 ama\u00e7layan Astana g\u00f6r\u00fc\u015fmelerinin BM taraf\u0131ndan destekelndi\u011fine dikkat \u00e7ekti.<\/p>\n<p><a href=\"http:\/\/www.sana.sy\/tr\/wp-content\/uploads\/2017\/03\/1-14.jpg\"><img loading=\"lazy\" decoding=\"async\" class=\"alignright wp-image-106737 size-medium\" src=\"http:\/\/www.sana.sy\/tr\/wp-content\/uploads\/2017\/03\/1-14-300x200.jpg\" width=\"300\" height=\"200\" srcset=\"https:\/\/archive.sana.sy\/tr\/wp-content\/uploads\/2017\/03\/1-14-300x200.jpg 300w, https:\/\/archive.sana.sy\/tr\/wp-content\/uploads\/2017\/03\/1-14-150x100.jpg 150w, https:\/\/archive.sana.sy\/tr\/wp-content\/uploads\/2017\/03\/1-14-768x511.jpg 768w, https:\/\/archive.sana.sy\/tr\/wp-content\/uploads\/2017\/03\/1-14-1024x681.jpg 1024w, https:\/\/archive.sana.sy\/tr\/wp-content\/uploads\/2017\/03\/1-14.jpg 1084w\" sizes=\"auto, (max-width: 300px) 100vw, 300px\" \/><\/a>Suriye h\u00fck\u00fcmetinin \u2018silahl\u0131 \u00f6rg\u00fctler\u2019 taraf\u0131ndan ka\u00e7\u0131r\u0131lan insanlar\u0131n, tutuklu vatanda\u015flar kar\u015f\u0131l\u0131\u011f\u0131nda serbest b\u0131rak\u0131lmalar\u0131 konusunda bir \u00f6neri sundu\u011funa i\u015faret eden de Mistura, bu ve daha ba\u015fka insani durumlar\u0131n Astana g\u00f6r\u00fc\u015fmelerinde ayr\u0131nt\u0131lar\u0131yla ele al\u0131naca\u011f\u0131na dikkat \u00e7ekti.<br \/>\nCenevre&#8217;de ter\u00f6rle m\u00fccadele stratejisinin ele al\u0131nd\u0131\u011f\u0131n\u0131 ifade eden de Mistura, Astana\u2019da ise ter\u00f6rle m\u00fccadelenin t\u00fcm ayr\u0131nt\u0131lar\u0131yla ele al\u0131naca\u011f\u0131n\u0131 belirtti. De Mistura Nusra Cephesi ve I\u015e\u0130D\u2019in ter\u00f6r \u00f6rg\u00fctleri say\u0131ld\u0131klar\u0131na dikkat \u00e7ekti.<\/p>\n<p><a href=\"http:\/\/www.sana.sy\/tr\/wp-content\/uploads\/2017\/03\/4-6.jpg\"><img loading=\"lazy\" decoding=\"async\" class=\"alignright wp-image-106739 size-medium\" src=\"http:\/\/www.sana.sy\/tr\/wp-content\/uploads\/2017\/03\/4-6-300x199.jpg\" width=\"300\" height=\"199\" srcset=\"https:\/\/archive.sana.sy\/tr\/wp-content\/uploads\/2017\/03\/4-6-300x199.jpg 300w, https:\/\/archive.sana.sy\/tr\/wp-content\/uploads\/2017\/03\/4-6-150x100.jpg 150w, https:\/\/archive.sana.sy\/tr\/wp-content\/uploads\/2017\/03\/4-6-768x511.jpg 768w, https:\/\/archive.sana.sy\/tr\/wp-content\/uploads\/2017\/03\/4-6-1024x681.jpg 1024w, https:\/\/archive.sana.sy\/tr\/wp-content\/uploads\/2017\/03\/4-6-310x205.jpg 310w, https:\/\/archive.sana.sy\/tr\/wp-content\/uploads\/2017\/03\/4-6.jpg 1238w\" sizes=\"auto, (max-width: 300px) 100vw, 300px\" \/><\/a>Mevcut s\u00fcre\u00e7 i\u00e7inde Suriye h\u00fck\u00fcmet heyeti ile \u2018muhalefet\u2019 heyeti aras\u0131nda g\u00f6r\u00fc\u015fmelerin BM arac\u0131l\u0131\u011f\u0131 ile dolayl\u0131 olarak s\u00fcrd\u00fcr\u00fclmesinin daha uygun g\u00f6r\u00fcld\u00fc\u011f\u00fcne vurgu yapan de Mistura, ileriki s\u00fcre\u00e7lerde ko\u015fullar\u0131n uygun olmas\u0131 halinde iki taraf aras\u0131nda direk g\u00f6r\u00fc\u015fmelerin olma ihtimaline i\u015faret etti.<\/p>\n<p>De Mistura g\u00f6r\u00fc\u015fme turlar\u0131 aras\u0131nda iki taraf ile temaslarda bulunacak ve \u00e7abalar\u0131 s\u00fcrd\u00fcrecek ekip ya da komitelerin te\u015fkil edilmesi y\u00f6n\u00fcnde BM\u2019nin gere\u011fini yapmaya haz\u0131r oldu\u011funu s\u00f6yledi.<\/p>\n<p><a href=\"http:\/\/www.sana.sy\/tr\/wp-content\/uploads\/2017\/03\/3-10.jpg\"><img loading=\"lazy\" decoding=\"async\" class=\"alignright wp-image-106740 size-medium\" src=\"http:\/\/www.sana.sy\/tr\/wp-content\/uploads\/2017\/03\/3-10-300x200.jpg\" width=\"300\" height=\"200\" srcset=\"https:\/\/archive.sana.sy\/tr\/wp-content\/uploads\/2017\/03\/3-10-300x200.jpg 300w, https:\/\/archive.sana.sy\/tr\/wp-content\/uploads\/2017\/03\/3-10-150x100.jpg 150w, https:\/\/archive.sana.sy\/tr\/wp-content\/uploads\/2017\/03\/3-10-768x511.jpg 768w, https:\/\/archive.sana.sy\/tr\/wp-content\/uploads\/2017\/03\/3-10-1024x681.jpg 1024w, https:\/\/archive.sana.sy\/tr\/wp-content\/uploads\/2017\/03\/3-10.jpg 1219w\" sizes=\"auto, (max-width: 300px) 100vw, 300px\" \/><\/a>\u00d6nemli olan ve \u00fcst\u00fcnde yo\u011fun \u00e7abalar harcanmas\u0131na ra\u011fmen \u015fu ana dek ba\u015far\u0131l\u0131 olmayan bir nokta bulundu\u011funu ifade eden de Mistura, bunun ortak bir \u2018muhalefet\u2019 heyetinin te\u015fkil edilmesi oldu\u011funu kaydetti. De Mistura \u015fu ana dek bir k\u0131s\u0131m taraflar\u0131n itiraz\u0131 nedeniyle bu meselenin halledilemedi\u011fini, fakat ileriki s\u00fcre\u00e7 i\u00e7inde bu y\u00f6nde \u00e7abalar\u0131n devam edece\u011fini s\u00f6zlerine ekledi.<\/p>\n<p>D\u00f6rd\u00fcnc\u00fc tur g\u00f6r\u00fc\u015fmelerinin sonu\u00e7lar\u0131na ili\u015fkin ayr\u0131nt\u0131l\u0131 bir raporu BM genel sekreterine takdim edece\u011fini ifade eden de Mistura, ard\u0131ndan Mart ay\u0131nda be\u015finci tur g\u00f6r\u00fc\u015fmeleri i\u00e7in taraflara davet g\u00f6nderme meselesini ele alacaklar\u0131n\u0131 a\u00e7\u0131klad\u0131.<\/p>\n<p>Suriye&#8217;de hala askeri \u00e7\u00f6z\u00fcm oldu\u011funa inananlar\u0131n bulundu\u011funa i\u015faret eden de Mistura, bunun hayallerden ba\u015fka bir \u015fey olmad\u0131\u011f\u0131n\u0131 kaydetti. De Mistura Suriye&#8217;de \u00e7\u00f6z\u00fcm\u00fcn siyasi oldu\u011funu herkesin idrak etmesi gerekti\u011fini, siyasi yollardan ba\u015fka hi\u00e7bir \u00e7\u00f6z\u00fcm\u00fcn bulunmad\u0131\u011f\u0131n\u0131 da irdelemeleri gerekti\u011finin alt\u0131n\u0131 \u00e7izdi.<\/p>\n<p>https:\/\/www.youtube.com\/watch?v=UPEJvC0PycA<\/p>\n","protected":false},"excerpt":{"rendered":"<p>CENEVRE \u2013 BM g\u00f6zetimi alt\u0131nda Cenevre&#8217;de yap\u0131lan Suriyeliler aras\u0131 diyalog g\u00f6r\u00fc\u015fmelerinin 4. turu bitiminde BM Suriye \u00f6zel temsilcisi Staffan de Mistura 23 \u015eubat tarihinde ba\u015flay\u0131p 3 Martta sona eren bu temaslar\u0131n sonu\u00e7lar\u0131na \u0131\u015f\u0131k tutan bir bas\u0131n toplant\u0131s\u0131 d\u00fczenledi. Bas\u0131n toplant\u0131s\u0131nda Suriyeliler aras\u0131 diyalog g\u00f6r\u00fc\u015fmeleri i\u00e7in a\u00e7\u0131k bir g\u00fcndem belirlendi\u011fini ifade eden de Mistura, Suriye h\u00fck\u00fcmet &hellip;<\/p>\n","protected":false},"author":1,"featured_media":106735,"comment_status":"closed","ping_status":"closed","sticky":false,"template":"","format":"standard","meta":{"footnotes":""},"categories":[458,459,17988],"tags":[28106,18443,28105,18574,19174,22182],"class_list":["post-106730","post","type-post","status-publish","format-standard","has-post-thumbnail","","category-dunya1","category-haberler-arap-uluslararasi-politika","category-son-haberler","tag-bm-gozetimi-altinda-cenevrede-yapilan-suriyeliler-arasi-diyalog-gorusmeleri","tag-bm-suriye-ozel-temsilcisi-staffan-de-mistura","tag-dort-paket-es-zamanli-olarak-hayata-gecirilecek","tag-suriye-krizi","tag-suriyede-son-durumlar","tag-suriyede-savas"],"_links":{"self":[{"href":"https:\/\/archive.sana.sy\/tr\/index.php?rest_route=\/wp\/v2\/posts\/106730","targetHints":{"allow":["GET"]}}],"collection":[{"href":"https:\/\/archive.sana.sy\/tr\/index.php?rest_route=\/wp\/v2\/posts"}],"about":[{"href":"https:\/\/archive.sana.sy\/tr\/index.php?rest_route=\/wp\/v2\/types\/post"}],"author":[{"embeddable":true,"href":"https:\/\/archive.sana.sy\/tr\/index.php?rest_route=\/wp\/v2\/users\/1"}],"replies":[{"embeddable":true,"href":"https:\/\/archive.sana.sy\/tr\/index.php?rest_route=%2Fwp%2Fv2%2Fcomments&post=106730"}],"version-history":[{"count":0,"href":"https:\/\/archive.sana.sy\/tr\/index.php?rest_route=\/wp\/v2\/posts\/106730\/revisions"}],"wp:featuredmedia":[{"embeddable":true,"href":"https:\/\/archive.sana.sy\/tr\/index.php?rest_route=\/wp\/v2\/media\/106735"}],"wp:attachment":[{"href":"https:\/\/archive.sana.sy\/tr\/index.php?rest_route=%2Fwp%2Fv2%2Fmedia&parent=106730"}],"wp:term":[{"taxonomy":"category","embeddable":true,"href":"https:\/\/archive.sana.sy\/tr\/index.php?rest_route=%2Fwp%2Fv2%2Fcategories&post=106730"},{"taxonomy":"post_tag","embeddable":true,"href":"https:\/\/archive.sana.sy\/tr\/index.php?rest_route=%2Fwp%2Fv2%2Ftags&post=106730"}],"curies":[{"name":"wp","href":"https:\/\/api.w.org\/{rel}","templated":true}]}}