{"id":106744,"date":"2017-03-04T13:26:06","date_gmt":"2017-03-04T11:26:06","guid":{"rendered":"http:\/\/www.sana.sy\/tr\/?p=106744"},"modified":"2017-03-04T13:33:56","modified_gmt":"2017-03-04T11:33:56","slug":"caferi-suriye-hukumet-heyetinin-gorusmelerde-suriye-halkinin-yuksek-cikarlarina-hizmet-edecek-mantikli-ve-dengeli-bir-calisma-gundemi-dayatmayi-basardigini-ifade-ederken-gorusmelerde-ustune-en-cok-od","status":"publish","type":"post","link":"https:\/\/archive.sana.sy\/tr\/?p=106744","title":{"rendered":"Caferi Suriye h\u00fck\u00fcmet heyetinin g\u00f6r\u00fc\u015fmelerde Suriye halk\u0131n\u0131n y\u00fcksek \u00e7\u0131karlar\u0131na hizmet edecek mant\u0131kl\u0131 ve dengeli bir \u00e7al\u0131\u015fma g\u00fcndemi dayatmay\u0131 ba\u015fard\u0131\u011f\u0131n\u0131 ifade ederken, g\u00f6r\u00fc\u015fmelerde \u00fcst\u00fcne en \u00e7ok odaklan\u0131lan temel noktan\u0131n ter\u00f6rle m\u00fccadele oldu\u011funun alt\u0131n\u0131 \u00e7izdi"},"content":{"rendered":"<p>Caferi Suriye h\u00fck\u00fcmet heyetinin g\u00f6r\u00fc\u015fmelerde Suriye halk\u0131n\u0131n y\u00fcksek \u00e7\u0131karlar\u0131na hizmet edecek mant\u0131kl\u0131 ve dengeli bir \u00e7al\u0131\u015fma g\u00fcndemi dayatmay\u0131 ba\u015fard\u0131\u011f\u0131n\u0131 ifade ederken, g\u00f6r\u00fc\u015fmelerde \u00fcst\u00fcne en \u00e7ok odaklan\u0131lan temel noktan\u0131n ter\u00f6rle m\u00fccadele oldu\u011funun alt\u0131n\u0131 \u00e7izdi<\/p>\n","protected":false},"excerpt":{"rendered":"<p>Caferi Suriye h\u00fck\u00fcmet heyetinin g\u00f6r\u00fc\u015fmelerde Suriye halk\u0131n\u0131n y\u00fcksek \u00e7\u0131karlar\u0131na hizmet edecek mant\u0131kl\u0131 ve dengeli bir \u00e7al\u0131\u015fma g\u00fcndemi dayatmay\u0131 ba\u015fard\u0131\u011f\u0131n\u0131 ifade ederken, g\u00f6r\u00fc\u015fmelerde \u00fcst\u00fcne en \u00e7ok odaklan\u0131lan temel noktan\u0131n ter\u00f6rle m\u00fccadele oldu\u011funun alt\u0131n\u0131 \u00e7izdi<\/p>\n","protected":false},"author":1,"featured_media":0,"comment_status":"closed","ping_status":"closed","sticky":false,"template":"","format":"standard","meta":{"footnotes":""},"categories":[17991],"tags":[],"class_list":["post-106744","post","type-post","status-publish","format-standard","","category-son-dakika"],"_links":{"self":[{"href":"https:\/\/archive.sana.sy\/tr\/index.php?rest_route=\/wp\/v2\/posts\/106744","targetHints":{"allow":["GET"]}}],"collection":[{"href":"https:\/\/archive.sana.sy\/tr\/index.php?rest_route=\/wp\/v2\/posts"}],"about":[{"href":"https:\/\/archive.sana.sy\/tr\/index.php?rest_route=\/wp\/v2\/types\/post"}],"author":[{"embeddable":true,"href":"https:\/\/archive.sana.sy\/tr\/index.php?rest_route=\/wp\/v2\/users\/1"}],"replies":[{"embeddable":true,"href":"https:\/\/archive.sana.sy\/tr\/index.php?rest_route=%2Fwp%2Fv2%2Fcomments&post=106744"}],"version-history":[{"count":0,"href":"https:\/\/archive.sana.sy\/tr\/index.php?rest_route=\/wp\/v2\/posts\/106744\/revisions"}],"wp:attachment":[{"href":"https:\/\/archive.sana.sy\/tr\/index.php?rest_route=%2Fwp%2Fv2%2Fmedia&parent=106744"}],"wp:term":[{"taxonomy":"category","embeddable":true,"href":"https:\/\/archive.sana.sy\/tr\/index.php?rest_route=%2Fwp%2Fv2%2Fcategories&post=106744"},{"taxonomy":"post_tag","embeddable":true,"href":"https:\/\/archive.sana.sy\/tr\/index.php?rest_route=%2Fwp%2Fv2%2Ftags&post=106744"}],"curies":[{"name":"wp","href":"https:\/\/api.w.org\/{rel}","templated":true}]}}