{"id":106750,"date":"2017-03-04T13:35:30","date_gmt":"2017-03-04T11:35:30","guid":{"rendered":"http:\/\/www.sana.sy\/tr\/?p=106750"},"modified":"2017-03-04T13:47:34","modified_gmt":"2017-03-04T11:47:34","slug":"suriye-hukumet-heyetinin-suriyede-siyasi-cozumun-temel-ilkeleri-kagidini-bm-suriye-ozel-temsilcisi-staffan-de-misturaya-sundugunu-belirten-caferi-de-misturanin-gorusmele","status":"publish","type":"post","link":"https:\/\/archive.sana.sy\/tr\/?p=106750","title":{"rendered":"Suriye h\u00fck\u00fcmet heyetinin, Suriye&#8217;de Siyasi \u00c7\u00f6z\u00fcm\u00fcn Temel \u0130lkeleri\u2019 ka\u011f\u0131d\u0131n\u0131 BM Suriye \u00f6zel temsilcisi Staffan de Mistura\u2019ya sundu\u011funu belirten Caferi, de Mistura\u2019n\u0131n g\u00f6r\u00fc\u015fmelerde sundu\u011fu gayr\u0131 ka\u011f\u0131d\u0131n ise, Suriye h\u00fck\u00fcmetinin daha \u00f6nceki turda sundu\u011fu ka\u011f\u0131da dayal\u0131 oldu\u011funa dikkat \u00e7ekti"},"content":{"rendered":"<p>Suriye h\u00fck\u00fcmet heyetinin, Suriye&#8217;de Siyasi \u00c7\u00f6z\u00fcm\u00fcn Temel \u0130lkeleri\u2019 ka\u011f\u0131d\u0131n\u0131 BM Suriye \u00f6zel temsilcisi Staffan de Mistura\u2019ya sundu\u011funu belirten Caferi, de Mistura\u2019n\u0131n g\u00f6r\u00fc\u015fmelerde sundu\u011fu gayr\u0131 ka\u011f\u0131d\u0131n ise, Suriye h\u00fck\u00fcmetinin daha \u00f6nceki turda sundu\u011fu ka\u011f\u0131da dayal\u0131 oldu\u011funa dikkat \u00e7ekti<\/p>\n","protected":false},"excerpt":{"rendered":"<p>Suriye h\u00fck\u00fcmet heyetinin, Suriye&#8217;de Siyasi \u00c7\u00f6z\u00fcm\u00fcn Temel \u0130lkeleri\u2019 ka\u011f\u0131d\u0131n\u0131 BM Suriye \u00f6zel temsilcisi Staffan de Mistura\u2019ya sundu\u011funu belirten Caferi, de Mistura\u2019n\u0131n g\u00f6r\u00fc\u015fmelerde sundu\u011fu gayr\u0131 ka\u011f\u0131d\u0131n ise, Suriye h\u00fck\u00fcmetinin daha \u00f6nceki turda sundu\u011fu ka\u011f\u0131da dayal\u0131 oldu\u011funa dikkat \u00e7ekti<\/p>\n","protected":false},"author":1,"featured_media":0,"comment_status":"closed","ping_status":"closed","sticky":false,"template":"","format":"standard","meta":{"footnotes":""},"categories":[17991],"tags":[],"class_list":["post-106750","post","type-post","status-publish","format-standard","","category-son-dakika"],"_links":{"self":[{"href":"https:\/\/archive.sana.sy\/tr\/index.php?rest_route=\/wp\/v2\/posts\/106750","targetHints":{"allow":["GET"]}}],"collection":[{"href":"https:\/\/archive.sana.sy\/tr\/index.php?rest_route=\/wp\/v2\/posts"}],"about":[{"href":"https:\/\/archive.sana.sy\/tr\/index.php?rest_route=\/wp\/v2\/types\/post"}],"author":[{"embeddable":true,"href":"https:\/\/archive.sana.sy\/tr\/index.php?rest_route=\/wp\/v2\/users\/1"}],"replies":[{"embeddable":true,"href":"https:\/\/archive.sana.sy\/tr\/index.php?rest_route=%2Fwp%2Fv2%2Fcomments&post=106750"}],"version-history":[{"count":0,"href":"https:\/\/archive.sana.sy\/tr\/index.php?rest_route=\/wp\/v2\/posts\/106750\/revisions"}],"wp:attachment":[{"href":"https:\/\/archive.sana.sy\/tr\/index.php?rest_route=%2Fwp%2Fv2%2Fmedia&parent=106750"}],"wp:term":[{"taxonomy":"category","embeddable":true,"href":"https:\/\/archive.sana.sy\/tr\/index.php?rest_route=%2Fwp%2Fv2%2Fcategories&post=106750"},{"taxonomy":"post_tag","embeddable":true,"href":"https:\/\/archive.sana.sy\/tr\/index.php?rest_route=%2Fwp%2Fv2%2Ftags&post=106750"}],"curies":[{"name":"wp","href":"https:\/\/api.w.org\/{rel}","templated":true}]}}