{"id":106752,"date":"2017-03-04T13:37:10","date_gmt":"2017-03-04T11:37:10","guid":{"rendered":"http:\/\/www.sana.sy\/tr\/?p=106752"},"modified":"2017-03-04T13:49:44","modified_gmt":"2017-03-04T11:49:44","slug":"bmgknin-suriyede-terorle-mucadeleye-iliskin-2254-sayili-kararin-tanidigi-zaman-suresine-saygi-gosterilmesi-gereginin-hukumet-heyeti-tarafindan-de-misturaya-belirtildigini-ifade-ede","status":"publish","type":"post","link":"https:\/\/archive.sana.sy\/tr\/?p=106752","title":{"rendered":"BMGK\u2019nin Suriye&#8217;de ter\u00f6rle m\u00fccadeleye ili\u015fkin 2254 say\u0131l\u0131 karar\u0131n tan\u0131d\u0131\u011f\u0131 zaman s\u00fcresine sayg\u0131 g\u00f6sterilmesi gere\u011finin h\u00fck\u00fcmet heyeti taraf\u0131ndan de Mistura\u2019ya belirtildi\u011fini ifade eden Caferi; Cenevre g\u00f6r\u00fc\u015fmelerine girilmeden \u00f6nce bu zaman s\u00fcresinin ihlal edildi\u011fini kaydetti"},"content":{"rendered":"<p>BMGK\u2019nin Suriye&#8217;de ter\u00f6rle m\u00fccadeleye ili\u015fkin 2254 say\u0131l\u0131 karar\u0131n tan\u0131d\u0131\u011f\u0131 zaman s\u00fcresine sayg\u0131 g\u00f6sterilmesi gere\u011finin h\u00fck\u00fcmet heyeti taraf\u0131ndan de Mistura\u2019ya belirtildi\u011fini ifade eden Caferi; Cenevre g\u00f6r\u00fc\u015fmelerine girilmeden \u00f6nce bu zaman s\u00fcresinin ihlal edildi\u011fini kaydetti<\/p>\n","protected":false},"excerpt":{"rendered":"<p>BMGK\u2019nin Suriye&#8217;de ter\u00f6rle m\u00fccadeleye ili\u015fkin 2254 say\u0131l\u0131 karar\u0131n tan\u0131d\u0131\u011f\u0131 zaman s\u00fcresine sayg\u0131 g\u00f6sterilmesi gere\u011finin h\u00fck\u00fcmet heyeti taraf\u0131ndan de Mistura\u2019ya belirtildi\u011fini ifade eden Caferi; Cenevre g\u00f6r\u00fc\u015fmelerine girilmeden \u00f6nce bu zaman s\u00fcresinin ihlal edildi\u011fini kaydetti<\/p>\n","protected":false},"author":1,"featured_media":0,"comment_status":"closed","ping_status":"closed","sticky":false,"template":"","format":"standard","meta":{"footnotes":""},"categories":[17991],"tags":[],"class_list":["post-106752","post","type-post","status-publish","format-standard","","category-son-dakika"],"_links":{"self":[{"href":"https:\/\/archive.sana.sy\/tr\/index.php?rest_route=\/wp\/v2\/posts\/106752","targetHints":{"allow":["GET"]}}],"collection":[{"href":"https:\/\/archive.sana.sy\/tr\/index.php?rest_route=\/wp\/v2\/posts"}],"about":[{"href":"https:\/\/archive.sana.sy\/tr\/index.php?rest_route=\/wp\/v2\/types\/post"}],"author":[{"embeddable":true,"href":"https:\/\/archive.sana.sy\/tr\/index.php?rest_route=\/wp\/v2\/users\/1"}],"replies":[{"embeddable":true,"href":"https:\/\/archive.sana.sy\/tr\/index.php?rest_route=%2Fwp%2Fv2%2Fcomments&post=106752"}],"version-history":[{"count":0,"href":"https:\/\/archive.sana.sy\/tr\/index.php?rest_route=\/wp\/v2\/posts\/106752\/revisions"}],"wp:attachment":[{"href":"https:\/\/archive.sana.sy\/tr\/index.php?rest_route=%2Fwp%2Fv2%2Fmedia&parent=106752"}],"wp:term":[{"taxonomy":"category","embeddable":true,"href":"https:\/\/archive.sana.sy\/tr\/index.php?rest_route=%2Fwp%2Fv2%2Fcategories&post=106752"},{"taxonomy":"post_tag","embeddable":true,"href":"https:\/\/archive.sana.sy\/tr\/index.php?rest_route=%2Fwp%2Fv2%2Ftags&post=106752"}],"curies":[{"name":"wp","href":"https:\/\/api.w.org\/{rel}","templated":true}]}}