{"id":106756,"date":"2017-03-04T13:43:47","date_gmt":"2017-03-04T11:43:47","guid":{"rendered":"http:\/\/www.sana.sy\/tr\/?p=106756"},"modified":"2017-03-04T13:56:32","modified_gmt":"2017-03-04T11:56:32","slug":"caferi-hukumet-heyetinin-terorle-mucadele-meselesini-icermesiyle-gundemde-yer-alan-tum-noktalarin-ele-alinmasinda-hicbir-sorunu-ya-da-itirazi-olmadigini-de-misturaya-izah-ettigini-ifade-etti","status":"publish","type":"post","link":"https:\/\/archive.sana.sy\/tr\/?p=106756","title":{"rendered":"Caferi h\u00fck\u00fcmet heyetinin, ter\u00f6rle m\u00fccadele meselesini i\u00e7ermesiyle g\u00fcndemde yer alan t\u00fcm noktalar\u0131n ele al\u0131nmas\u0131nda hi\u00e7bir sorunu ya da itiraz\u0131 olmad\u0131\u011f\u0131n\u0131 de Mistura\u2019ya izah etti\u011fini ifade etti"},"content":{"rendered":"<p>Caferi h\u00fck\u00fcmet heyetinin, ter\u00f6rle m\u00fccadele meselesini i\u00e7ermesiyle g\u00fcndemde yer alan t\u00fcm noktalar\u0131n ele al\u0131nmas\u0131nda hi\u00e7bir sorunu ya da itiraz\u0131 olmad\u0131\u011f\u0131n\u0131 de Mistura\u2019ya izah etti\u011fini ifade etti<\/p>\n","protected":false},"excerpt":{"rendered":"<p>Caferi h\u00fck\u00fcmet heyetinin, ter\u00f6rle m\u00fccadele meselesini i\u00e7ermesiyle g\u00fcndemde yer alan t\u00fcm noktalar\u0131n ele al\u0131nmas\u0131nda hi\u00e7bir sorunu ya da itiraz\u0131 olmad\u0131\u011f\u0131n\u0131 de Mistura\u2019ya izah etti\u011fini ifade etti<\/p>\n","protected":false},"author":1,"featured_media":0,"comment_status":"closed","ping_status":"closed","sticky":false,"template":"","format":"standard","meta":{"footnotes":""},"categories":[17991],"tags":[],"class_list":["post-106756","post","type-post","status-publish","format-standard","","category-son-dakika"],"_links":{"self":[{"href":"https:\/\/archive.sana.sy\/tr\/index.php?rest_route=\/wp\/v2\/posts\/106756","targetHints":{"allow":["GET"]}}],"collection":[{"href":"https:\/\/archive.sana.sy\/tr\/index.php?rest_route=\/wp\/v2\/posts"}],"about":[{"href":"https:\/\/archive.sana.sy\/tr\/index.php?rest_route=\/wp\/v2\/types\/post"}],"author":[{"embeddable":true,"href":"https:\/\/archive.sana.sy\/tr\/index.php?rest_route=\/wp\/v2\/users\/1"}],"replies":[{"embeddable":true,"href":"https:\/\/archive.sana.sy\/tr\/index.php?rest_route=%2Fwp%2Fv2%2Fcomments&post=106756"}],"version-history":[{"count":0,"href":"https:\/\/archive.sana.sy\/tr\/index.php?rest_route=\/wp\/v2\/posts\/106756\/revisions"}],"wp:attachment":[{"href":"https:\/\/archive.sana.sy\/tr\/index.php?rest_route=%2Fwp%2Fv2%2Fmedia&parent=106756"}],"wp:term":[{"taxonomy":"category","embeddable":true,"href":"https:\/\/archive.sana.sy\/tr\/index.php?rest_route=%2Fwp%2Fv2%2Fcategories&post=106756"},{"taxonomy":"post_tag","embeddable":true,"href":"https:\/\/archive.sana.sy\/tr\/index.php?rest_route=%2Fwp%2Fv2%2Ftags&post=106756"}],"curies":[{"name":"wp","href":"https:\/\/api.w.org\/{rel}","templated":true}]}}