{"id":106762,"date":"2017-03-04T14:03:27","date_gmt":"2017-03-04T12:03:27","guid":{"rendered":"http:\/\/www.sana.sy\/tr\/?p=106762"},"modified":"2017-03-04T14:06:29","modified_gmt":"2017-03-04T12:06:29","slug":"caferi-diyalog-gorusmelerinde-terorle-mucadele-meselesinin-ele-alinmasini-reddedenlerin-terorist-yuzlerini-ya-da-teroru-destekleyenlerin-edati-oldugu-gercegini-ortaya-koyacagini-belirtti","status":"publish","type":"post","link":"https:\/\/archive.sana.sy\/tr\/?p=106762","title":{"rendered":"Caferi diyalog g\u00f6r\u00fc\u015fmelerinde ter\u00f6rle m\u00fccadele meselesinin ele al\u0131nmas\u0131n\u0131 reddedenlerin, ter\u00f6rist y\u00fczlerini ya da ter\u00f6r\u00fc destekleyenlerin edat\u0131 oldu\u011fu ger\u00e7e\u011fini ortaya koyaca\u011f\u0131n\u0131 belirtti."},"content":{"rendered":"<p>Caferi diyalog g\u00f6r\u00fc\u015fmelerinde ter\u00f6rle m\u00fccadele meselesinin ele al\u0131nmas\u0131n\u0131 reddedenlerin, ter\u00f6rist y\u00fczlerini ya da ter\u00f6r\u00fc destekleyenlerin edat\u0131 oldu\u011fu ger\u00e7e\u011fini ortaya koyaca\u011f\u0131n\u0131 belirtti.<\/p>\n","protected":false},"excerpt":{"rendered":"<p>Caferi diyalog g\u00f6r\u00fc\u015fmelerinde ter\u00f6rle m\u00fccadele meselesinin ele al\u0131nmas\u0131n\u0131 reddedenlerin, ter\u00f6rist y\u00fczlerini ya da ter\u00f6r\u00fc destekleyenlerin edat\u0131 oldu\u011fu ger\u00e7e\u011fini ortaya koyaca\u011f\u0131n\u0131 belirtti.<\/p>\n","protected":false},"author":1,"featured_media":0,"comment_status":"closed","ping_status":"closed","sticky":false,"template":"","format":"standard","meta":{"footnotes":""},"categories":[17991],"tags":[],"class_list":["post-106762","post","type-post","status-publish","format-standard","","category-son-dakika"],"_links":{"self":[{"href":"https:\/\/archive.sana.sy\/tr\/index.php?rest_route=\/wp\/v2\/posts\/106762","targetHints":{"allow":["GET"]}}],"collection":[{"href":"https:\/\/archive.sana.sy\/tr\/index.php?rest_route=\/wp\/v2\/posts"}],"about":[{"href":"https:\/\/archive.sana.sy\/tr\/index.php?rest_route=\/wp\/v2\/types\/post"}],"author":[{"embeddable":true,"href":"https:\/\/archive.sana.sy\/tr\/index.php?rest_route=\/wp\/v2\/users\/1"}],"replies":[{"embeddable":true,"href":"https:\/\/archive.sana.sy\/tr\/index.php?rest_route=%2Fwp%2Fv2%2Fcomments&post=106762"}],"version-history":[{"count":0,"href":"https:\/\/archive.sana.sy\/tr\/index.php?rest_route=\/wp\/v2\/posts\/106762\/revisions"}],"wp:attachment":[{"href":"https:\/\/archive.sana.sy\/tr\/index.php?rest_route=%2Fwp%2Fv2%2Fmedia&parent=106762"}],"wp:term":[{"taxonomy":"category","embeddable":true,"href":"https:\/\/archive.sana.sy\/tr\/index.php?rest_route=%2Fwp%2Fv2%2Fcategories&post=106762"},{"taxonomy":"post_tag","embeddable":true,"href":"https:\/\/archive.sana.sy\/tr\/index.php?rest_route=%2Fwp%2Fv2%2Ftags&post=106762"}],"curies":[{"name":"wp","href":"https:\/\/api.w.org\/{rel}","templated":true}]}}