{"id":106764,"date":"2017-03-04T13:59:26","date_gmt":"2017-03-04T11:59:26","guid":{"rendered":"http:\/\/www.sana.sy\/tr\/?p=106764"},"modified":"2017-03-04T14:04:18","modified_gmt":"2017-03-04T12:04:18","slug":"gorusmelerin-basarili-olmasi-ve-cozumun-saglanmasi-icin-karsi-tarafta-katarli-suudili-fransiz-ya-da-turk-ortagin-degil-de-suriyeli-yurtsever-ve-ulusalci-bir-ortagin-olmasi-geregini-vurgulayan-caferi","status":"publish","type":"post","link":"https:\/\/archive.sana.sy\/tr\/?p=106764","title":{"rendered":"G\u00f6r\u00fc\u015fmelerin ba\u015far\u0131l\u0131 olmas\u0131 ve \u00e7\u00f6z\u00fcm\u00fcn sa\u011flanmas\u0131 i\u00e7in kar\u015f\u0131 tarafta Katarl\u0131, Suudili, Frans\u0131z ya da T\u00fcrk orta\u011f\u0131n de\u011fil de Suriyeli yurtsever ve ulusalc\u0131 bir orta\u011f\u0131n olmas\u0131 gere\u011fini vurgulayan Caferi; diyalog g\u00f6r\u00fc\u015fmelerinde herhangi bir devletin ajandas\u0131 de\u011fil de, Suriye ve halk\u0131n\u0131n ajandas\u0131 olmas\u0131 gerekti\u011finin alt\u0131n\u0131 \u00e7izdi."},"content":{"rendered":"<p>G\u00f6r\u00fc\u015fmelerin ba\u015far\u0131l\u0131 olmas\u0131 ve \u00e7\u00f6z\u00fcm\u00fcn sa\u011flanmas\u0131 i\u00e7in kar\u015f\u0131 tarafta Katarl\u0131, Suudili, Frans\u0131z ya da T\u00fcrk orta\u011f\u0131n de\u011fil de Suriyeli yurtsever ve ulusalc\u0131 bir orta\u011f\u0131n olmas\u0131 gere\u011fini vurgulayan Caferi; diyalog g\u00f6r\u00fc\u015fmelerinde herhangi bir devletin ajandas\u0131 de\u011fil de, Suriye ve halk\u0131n\u0131n ajandas\u0131 olmas\u0131 gerekti\u011finin alt\u0131n\u0131 \u00e7izdi.<\/p>\n","protected":false},"excerpt":{"rendered":"<p>G\u00f6r\u00fc\u015fmelerin ba\u015far\u0131l\u0131 olmas\u0131 ve \u00e7\u00f6z\u00fcm\u00fcn sa\u011flanmas\u0131 i\u00e7in kar\u015f\u0131 tarafta Katarl\u0131, Suudili, Frans\u0131z ya da T\u00fcrk orta\u011f\u0131n de\u011fil de Suriyeli yurtsever ve ulusalc\u0131 bir orta\u011f\u0131n olmas\u0131 gere\u011fini vurgulayan Caferi; diyalog g\u00f6r\u00fc\u015fmelerinde herhangi bir devletin ajandas\u0131 de\u011fil de, Suriye ve halk\u0131n\u0131n ajandas\u0131 olmas\u0131 gerekti\u011finin alt\u0131n\u0131 \u00e7izdi.<\/p>\n","protected":false},"author":1,"featured_media":0,"comment_status":"closed","ping_status":"closed","sticky":false,"template":"","format":"standard","meta":{"footnotes":""},"categories":[1],"tags":[],"class_list":["post-106764","post","type-post","status-publish","format-standard","","category-news-not-sorted"],"_links":{"self":[{"href":"https:\/\/archive.sana.sy\/tr\/index.php?rest_route=\/wp\/v2\/posts\/106764","targetHints":{"allow":["GET"]}}],"collection":[{"href":"https:\/\/archive.sana.sy\/tr\/index.php?rest_route=\/wp\/v2\/posts"}],"about":[{"href":"https:\/\/archive.sana.sy\/tr\/index.php?rest_route=\/wp\/v2\/types\/post"}],"author":[{"embeddable":true,"href":"https:\/\/archive.sana.sy\/tr\/index.php?rest_route=\/wp\/v2\/users\/1"}],"replies":[{"embeddable":true,"href":"https:\/\/archive.sana.sy\/tr\/index.php?rest_route=%2Fwp%2Fv2%2Fcomments&post=106764"}],"version-history":[{"count":0,"href":"https:\/\/archive.sana.sy\/tr\/index.php?rest_route=\/wp\/v2\/posts\/106764\/revisions"}],"wp:attachment":[{"href":"https:\/\/archive.sana.sy\/tr\/index.php?rest_route=%2Fwp%2Fv2%2Fmedia&parent=106764"}],"wp:term":[{"taxonomy":"category","embeddable":true,"href":"https:\/\/archive.sana.sy\/tr\/index.php?rest_route=%2Fwp%2Fv2%2Fcategories&post=106764"},{"taxonomy":"post_tag","embeddable":true,"href":"https:\/\/archive.sana.sy\/tr\/index.php?rest_route=%2Fwp%2Fv2%2Ftags&post=106764"}],"curies":[{"name":"wp","href":"https:\/\/api.w.org\/{rel}","templated":true}]}}