{"id":106770,"date":"2017-03-04T14:10:24","date_gmt":"2017-03-04T12:10:24","guid":{"rendered":"http:\/\/www.sana.sy\/tr\/?p=106770"},"modified":"2017-03-04T14:21:45","modified_gmt":"2017-03-04T12:21:45","slug":"dorduncu-tur-gorusmelerinin-%80den-fazlasinin-terorle-mucadeleye-odaklandigini-belirten-caferi-secim-ve-yonetim-paketinin-15er-dakika-sureyle-hizli-olarak-ele-alindiklarini-secim-p","status":"publish","type":"post","link":"https:\/\/archive.sana.sy\/tr\/?p=106770","title":{"rendered":"D\u00f6rd\u00fcnc\u00fc tur g\u00f6r\u00fc\u015fmelerinin %80\u2019den fazlas\u0131n\u0131n ter\u00f6rle m\u00fccadeleye odakland\u0131\u011f\u0131n\u0131 belirten Caferi, se\u00e7im ve y\u00f6netim paketinin 15\u2019er dakika s\u00fcreyle h\u0131zl\u0131 olarak ele al\u0131nd\u0131klar\u0131n\u0131, se\u00e7im paketinin ise hi\u00e7bir \u015fekilde ele al\u0131nmad\u0131\u011f\u0131n\u0131 a\u00e7\u0131klad\u0131."},"content":{"rendered":"<p>D\u00f6rd\u00fcnc\u00fc tur g\u00f6r\u00fc\u015fmelerinin %80\u2019den fazlas\u0131n\u0131n ter\u00f6rle m\u00fccadeleye odakland\u0131\u011f\u0131n\u0131 belirten Caferi, se\u00e7im ve y\u00f6netim paketinin 15\u2019er dakika s\u00fcreyle h\u0131zl\u0131 olarak ele al\u0131nd\u0131klar\u0131n\u0131, se\u00e7im paketinin ise hi\u00e7bir \u015fekilde ele al\u0131nmad\u0131\u011f\u0131n\u0131 a\u00e7\u0131klad\u0131.<\/p>\n","protected":false},"excerpt":{"rendered":"<p>D\u00f6rd\u00fcnc\u00fc tur g\u00f6r\u00fc\u015fmelerinin %80\u2019den fazlas\u0131n\u0131n ter\u00f6rle m\u00fccadeleye odakland\u0131\u011f\u0131n\u0131 belirten Caferi, se\u00e7im ve y\u00f6netim paketinin 15\u2019er dakika s\u00fcreyle h\u0131zl\u0131 olarak ele al\u0131nd\u0131klar\u0131n\u0131, se\u00e7im paketinin ise hi\u00e7bir \u015fekilde ele al\u0131nmad\u0131\u011f\u0131n\u0131 a\u00e7\u0131klad\u0131.<\/p>\n","protected":false},"author":1,"featured_media":0,"comment_status":"closed","ping_status":"closed","sticky":false,"template":"","format":"standard","meta":{"footnotes":""},"categories":[17991],"tags":[],"class_list":["post-106770","post","type-post","status-publish","format-standard","","category-son-dakika"],"_links":{"self":[{"href":"https:\/\/archive.sana.sy\/tr\/index.php?rest_route=\/wp\/v2\/posts\/106770","targetHints":{"allow":["GET"]}}],"collection":[{"href":"https:\/\/archive.sana.sy\/tr\/index.php?rest_route=\/wp\/v2\/posts"}],"about":[{"href":"https:\/\/archive.sana.sy\/tr\/index.php?rest_route=\/wp\/v2\/types\/post"}],"author":[{"embeddable":true,"href":"https:\/\/archive.sana.sy\/tr\/index.php?rest_route=\/wp\/v2\/users\/1"}],"replies":[{"embeddable":true,"href":"https:\/\/archive.sana.sy\/tr\/index.php?rest_route=%2Fwp%2Fv2%2Fcomments&post=106770"}],"version-history":[{"count":0,"href":"https:\/\/archive.sana.sy\/tr\/index.php?rest_route=\/wp\/v2\/posts\/106770\/revisions"}],"wp:attachment":[{"href":"https:\/\/archive.sana.sy\/tr\/index.php?rest_route=%2Fwp%2Fv2%2Fmedia&parent=106770"}],"wp:term":[{"taxonomy":"category","embeddable":true,"href":"https:\/\/archive.sana.sy\/tr\/index.php?rest_route=%2Fwp%2Fv2%2Fcategories&post=106770"},{"taxonomy":"post_tag","embeddable":true,"href":"https:\/\/archive.sana.sy\/tr\/index.php?rest_route=%2Fwp%2Fv2%2Ftags&post=106770"}],"curies":[{"name":"wp","href":"https:\/\/api.w.org\/{rel}","templated":true}]}}