{"id":106774,"date":"2017-03-04T14:29:29","date_gmt":"2017-03-04T12:29:29","guid":{"rendered":"http:\/\/www.sana.sy\/tr\/?p=106774"},"modified":"2017-03-05T14:07:30","modified_gmt":"2017-03-05T12:07:30","slug":"en-onemli-basari-terorle-mucadeleyi-iceren-gundem-uzerinde-anlasmak-oldu","status":"publish","type":"post","link":"https:\/\/archive.sana.sy\/tr\/?p=106774","title":{"rendered":"En \u00d6nemli Ba\u015far\u0131, Ter\u00f6rle M\u00fccadeleyi \u0130\u00e7eren G\u00fcndem \u00dczerinde Anla\u015fmak Oldu (video)"},"content":{"rendered":"<p>CENEVRE \u2013 BM g\u00f6zetimi alt\u0131nda 23 \u015eubat \u2013 3 Mart tarihleri aras\u0131nda yap\u0131lan Suriyeliler aras\u0131 dolayl\u0131 diyalog g\u00f6r\u00fc\u015fmelerinin d\u00f6rd\u00fcnc\u00fc turunda Suriye h\u00fck\u00fcmet heyeti ba\u015fkan\u0131 Be\u015f\u015far el Caferi 7 g\u00fcn s\u00fcren g\u00f6r\u00fc\u015fmelerin seyri ve elde edilen sonu\u00e7lar hakk\u0131nda bas\u0131n toplant\u0131s\u0131 d\u00fczenledi.<\/p>\n<p>Bas\u0131n toplant\u0131s\u0131nda Caferi d\u00f6rd\u00fcnc\u00fc tur g\u00f6r\u00fc\u015fmelerinde sa\u011flanan en \u00f6nemli ba\u015far\u0131n\u0131n, Suriye h\u00fck\u00fcmet heyetinin talebi \u00fczerine g\u00fcndeme eklenen ve \u2018Riyad\u2019 heyeti haricindeki t\u00fcm heyetlerin onaylay\u0131p destekledikleri ter\u00f6rle m\u00fccadele paketini i\u00e7eren g\u00fcndem \u00fczerinde anla\u015fman\u0131n sa\u011flanmas\u0131 oldu\u011funu belirtti. Caferi g\u00fcndemin ter\u00f6rle m\u00fccadele, y\u00f6netim, se\u00e7im ve anayasa olmak \u00fczere toplam d\u00f6rt paketten ibaret oldu\u011funu ifade etti.<\/p>\n<p>D\u00f6rd\u00fcnc\u00fc tur g\u00f6r\u00fc\u015fmelerinin %80\u2019den fazlas\u0131n\u0131n ter\u00f6rle m\u00fccadeleye odakland\u0131\u011f\u0131n\u0131 belirten Caferi, se\u00e7im ve y\u00f6netim paketinin 15\u2019er dakika s\u00fcreyle h\u0131zl\u0131 olarak ele al\u0131nd\u0131klar\u0131n\u0131, se\u00e7im paketinin ise hi\u00e7bir \u015fekilde ele al\u0131nmad\u0131\u011f\u0131n\u0131 a\u00e7\u0131klad\u0131.<\/p>\n<p>Caferi Suriye h\u00fck\u00fcmet heyetinin g\u00f6r\u00fc\u015fmelerde Suriye halk\u0131n\u0131n y\u00fcksek \u00e7\u0131karlar\u0131na hizmet edecek mant\u0131kl\u0131 ve dengeli bir \u00e7al\u0131\u015fma g\u00fcndemi dayatmay\u0131 ba\u015fard\u0131\u011f\u0131n\u0131 ifade ederken, g\u00f6r\u00fc\u015fmelerde \u00fcst\u00fcne en \u00e7ok odaklan\u0131lan temel noktan\u0131n ter\u00f6rle m\u00fccadele oldu\u011funun alt\u0131n\u0131 \u00e7izdi. Di\u011fer noktalar\u0131n h\u0131zl\u0131 bir \u015fekilde ele al\u0131nd\u0131\u011f\u0131n\u0131 ifade eden Caferi; se\u00e7imler meselesinin ise hi\u00e7bir \u015fekilde ele al\u0131nmad\u0131\u011f\u0131n\u0131 belirtti.<\/p>\n<p>Caferi g\u00f6r\u00fc\u015fmeler g\u00fcndeminin hen\u00fcz ayr\u0131nt\u0131lar\u0131yla tart\u0131\u015f\u0131lmad\u0131\u011f\u0131n\u0131, sadece kabataslak olarak \u00fczerinde anla\u015fma sa\u011fland\u0131\u011f\u0131n\u0131 s\u00f6yledi.<\/p>\n<p>Suriye h\u00fck\u00fcmet heyetinin, Suriye&#8217;de Siyasi \u00c7\u00f6z\u00fcm\u00fcn Temel \u0130lkeleri\u2019 ka\u011f\u0131d\u0131n\u0131 BM Suriye \u00f6zel temsilcisi Staffan de Mistura\u2019ya sundu\u011funu belirten Caferi, de Mistura\u2019n\u0131n g\u00f6r\u00fc\u015fmelerde sundu\u011fu gayr\u0131 ka\u011f\u0131d\u0131n ise, Suriye h\u00fck\u00fcmetinin daha \u00f6nceki turda sundu\u011fu ka\u011f\u0131da dayal\u0131 oldu\u011funa dikkat \u00e7ekti. Caferi 12 noktadan olu\u015fan ve Suriye h\u00fck\u00fcmet heyetinin daha \u00f6nce sundu\u011fu ka\u011f\u0131da dayanan de Mustura\u2019n\u0131n gayr\u0131 ka\u011f\u0131da h\u00fck\u00fcmet heyeti taraf\u0131ndan yine bir k\u0131s\u0131m d\u00fczeltmelerin yap\u0131ld\u0131\u011f\u0131n\u0131 belirtti. De Mistura\u2019n\u0131n bu d\u00fczeltmeler \u0131\u015f\u0131\u011f\u0131nda ka\u011f\u0131d\u0131 di\u011fer taraflara aktaraca\u011f\u0131n\u0131 ifade eden Caferi, d\u00f6rd\u00fcnc\u00fc turda g\u00fcndem \u00fczerine anla\u015fma sa\u011flanmas\u0131 haricinde hi\u00e7bir \u015fey \u00fczerinde anla\u015fma sa\u011flanmad\u0131\u011f\u0131n\u0131 belirtti.<\/p>\n<p>BMGK\u2019nin Suriye&#8217;de ter\u00f6rle m\u00fccadeleye ili\u015fkin 2254 say\u0131l\u0131 karar\u0131n tan\u0131d\u0131\u011f\u0131 zaman s\u00fcresine sayg\u0131 g\u00f6sterilmesi gere\u011finin h\u00fck\u00fcmet heyeti taraf\u0131ndan de Mistura\u2019ya belirtildi\u011fini ifade eden Caferi; Cenevre g\u00f6r\u00fc\u015fmelerine girilmeden \u00f6nce bu zaman s\u00fcresinin ihlal edildi\u011fini kaydetti.<\/p>\n<p>Caferi Suriye&#8217;nin, \u00fcst\u00fcne anla\u015f\u0131lan \u00e7al\u0131\u015fma g\u00fcndeminin herhangi bir noktas\u0131n\u0131 \u00e7arp\u0131tmadan ya da de\u011fi\u015ftirmeden uzla\u015fmac\u0131 ve mant\u0131kl\u0131 bir \u015fekilde tam olarak hayata ge\u00e7irmeye \u00e7al\u0131\u015faca\u011f\u0131n\u0131 vurgulad\u0131.<\/p>\n<p>Caferi h\u00fck\u00fcmet heyetinin, ter\u00f6rle m\u00fccadele meselesini i\u00e7ermesiyle g\u00fcndemde yer alan t\u00fcm noktalar\u0131n ele al\u0131nmas\u0131nda hi\u00e7bir sorunu ya da itiraz\u0131 olmad\u0131\u011f\u0131n\u0131 de Mistura\u2019ya izah etti\u011fini ifade etti.<\/p>\n<p>\u2018Riyad muhalefetinin\u2019 a\u00e7\u0131klamalar\u0131nda palya\u00e7oluk oynad\u0131\u011f\u0131n\u0131 belirten Caferi, bunun da onun siyasi olarak ne kadar ham oldu\u011funu g\u00f6sterdi\u011fini belirtti.<\/p>\n<p>Caferi BM temsilcisi de Mistura\u2019n\u0131n g\u00f6r\u00fc\u015fmelerde ortak bir muhalefet heyeti te\u015fkil edememesini ele\u015ftirirken, bunu bir hata olarak nitelendirdi.<\/p>\n<p>G\u00f6r\u00fc\u015fmelerin ba\u015far\u0131l\u0131 olmas\u0131 ve \u00e7\u00f6z\u00fcm\u00fcn sa\u011flanmas\u0131 i\u00e7in kar\u015f\u0131 tarafta Katarl\u0131, Suudili, Frans\u0131z ya da T\u00fcrk orta\u011f\u0131n de\u011fil de Suriyeli yurtsever ve ulusalc\u0131 bir orta\u011f\u0131n olmas\u0131 gere\u011fini vurgulayan Caferi; diyalog g\u00f6r\u00fc\u015fmelerinde herhangi bir devletin ajandas\u0131 de\u011fil de, Suriye ve halk\u0131n\u0131n ajandas\u0131 olmas\u0131 gerekti\u011finin alt\u0131n\u0131 \u00e7izdi.<\/p>\n<p>Caferi diyalog g\u00f6r\u00fc\u015fmelerinde ter\u00f6rle m\u00fccadele meselesinin ele al\u0131nmas\u0131n\u0131 reddedenlerin, ter\u00f6rist y\u00fczlerini ya da ter\u00f6r\u00fc destekleyenlerin edat\u0131 oldu\u011fu ger\u00e7e\u011fini ortaya koyaca\u011f\u0131n\u0131 belirtti.<\/p>\n<p>https:\/\/www.youtube.com\/watch?v=Wxw6xqizY80<\/p>\n","protected":false},"excerpt":{"rendered":"<p>CENEVRE \u2013 BM g\u00f6zetimi alt\u0131nda 23 \u015eubat \u2013 3 Mart tarihleri aras\u0131nda yap\u0131lan Suriyeliler aras\u0131 dolayl\u0131 diyalog g\u00f6r\u00fc\u015fmelerinin d\u00f6rd\u00fcnc\u00fc turunda Suriye h\u00fck\u00fcmet heyeti ba\u015fkan\u0131 Be\u015f\u015far el Caferi 7 g\u00fcn s\u00fcren g\u00f6r\u00fc\u015fmelerin seyri ve elde edilen sonu\u00e7lar hakk\u0131nda bas\u0131n toplant\u0131s\u0131 d\u00fczenledi. Bas\u0131n toplant\u0131s\u0131nda Caferi d\u00f6rd\u00fcnc\u00fc tur g\u00f6r\u00fc\u015fmelerinde sa\u011flanan en \u00f6nemli ba\u015far\u0131n\u0131n, Suriye h\u00fck\u00fcmet heyetinin talebi \u00fczerine &hellip;<\/p>\n","protected":false},"author":1,"featured_media":106776,"comment_status":"closed","ping_status":"closed","sticky":false,"template":"","format":"standard","meta":{"footnotes":""},"categories":[458,459,17988],"tags":[18867,18473,10972,13456,26615,28030],"class_list":["post-106774","post","type-post","status-publish","format-standard","has-post-thumbnail","","category-dunya1","category-haberler-arap-uluslararasi-politika","category-son-haberler","tag-bessar-el-caferi","tag-cenevre-gorusmeleri","tag-siyasi-cozum","tag-suriye-hukumet-heyeti","tag-suriyede-baris-gorusmeleri","tag-suriyeliler-arasi-baris-gorusmeleri"],"_links":{"self":[{"href":"https:\/\/archive.sana.sy\/tr\/index.php?rest_route=\/wp\/v2\/posts\/106774","targetHints":{"allow":["GET"]}}],"collection":[{"href":"https:\/\/archive.sana.sy\/tr\/index.php?rest_route=\/wp\/v2\/posts"}],"about":[{"href":"https:\/\/archive.sana.sy\/tr\/index.php?rest_route=\/wp\/v2\/types\/post"}],"author":[{"embeddable":true,"href":"https:\/\/archive.sana.sy\/tr\/index.php?rest_route=\/wp\/v2\/users\/1"}],"replies":[{"embeddable":true,"href":"https:\/\/archive.sana.sy\/tr\/index.php?rest_route=%2Fwp%2Fv2%2Fcomments&post=106774"}],"version-history":[{"count":0,"href":"https:\/\/archive.sana.sy\/tr\/index.php?rest_route=\/wp\/v2\/posts\/106774\/revisions"}],"wp:featuredmedia":[{"embeddable":true,"href":"https:\/\/archive.sana.sy\/tr\/index.php?rest_route=\/wp\/v2\/media\/106776"}],"wp:attachment":[{"href":"https:\/\/archive.sana.sy\/tr\/index.php?rest_route=%2Fwp%2Fv2%2Fmedia&parent=106774"}],"wp:term":[{"taxonomy":"category","embeddable":true,"href":"https:\/\/archive.sana.sy\/tr\/index.php?rest_route=%2Fwp%2Fv2%2Fcategories&post=106774"},{"taxonomy":"post_tag","embeddable":true,"href":"https:\/\/archive.sana.sy\/tr\/index.php?rest_route=%2Fwp%2Fv2%2Ftags&post=106774"}],"curies":[{"name":"wp","href":"https:\/\/api.w.org\/{rel}","templated":true}]}}