{"id":106781,"date":"2017-03-04T15:01:31","date_gmt":"2017-03-04T13:01:31","guid":{"rendered":"http:\/\/www.sana.sy\/tr\/?p=106781"},"modified":"2017-03-04T16:08:25","modified_gmt":"2017-03-04T14:08:25","slug":"askeri-kaynak-ordu-birliklerimizin-halep-kirsalinin-kuzeydogusunda-yer-alan-ebu-creyn-menbic-tel-maiz-ravda-resm-el-kibar-alfa-tel-el-zeraya-um-el-talatil-ve-um-el-amd-belde-ve-koylerinde-guvenl","status":"publish","type":"post","link":"https:\/\/archive.sana.sy\/tr\/?p=106781","title":{"rendered":"Askeri kaynak ordu birliklerimizin Halep k\u0131rsal\u0131n\u0131n kuzeydo\u011fusunda yer alan Ebu Creyn Menbic, Tel Maiz, Ravda, Resm el Kibar, Alfa, Tel el Zeraya, Um el Talat\u0131l ve Um el Amd belde ve k\u00f6ylerinde g\u00fcvenlik ve kontrol\u00fc tamamen ellerine ge\u00e7irdiklerini belirtti"},"content":{"rendered":"<p>Askeri kaynak ordu birliklerimizin Halep k\u0131rsal\u0131n\u0131n kuzeydo\u011fusunda yer alan Ebu Creyn Menbic, Tel Maiz, Ravda, Resm el Kibar, Alfa, Tel el Zeraya, Um el Talat\u0131l ve Um el Amd belde ve k\u00f6ylerinde g\u00fcvenlik ve kontrol\u00fc tamamen ellerine ge\u00e7irdiklerini belirtti<\/p>\n","protected":false},"excerpt":{"rendered":"<p>Askeri kaynak ordu birliklerimizin Halep k\u0131rsal\u0131n\u0131n kuzeydo\u011fusunda yer alan Ebu Creyn Menbic, Tel Maiz, Ravda, Resm el Kibar, Alfa, Tel el Zeraya, Um el Talat\u0131l ve Um el Amd belde ve k\u00f6ylerinde g\u00fcvenlik ve kontrol\u00fc tamamen ellerine ge\u00e7irdiklerini belirtti<\/p>\n","protected":false},"author":1,"featured_media":0,"comment_status":"closed","ping_status":"closed","sticky":false,"template":"","format":"standard","meta":{"footnotes":""},"categories":[17991],"tags":[],"class_list":["post-106781","post","type-post","status-publish","format-standard","","category-son-dakika"],"_links":{"self":[{"href":"https:\/\/archive.sana.sy\/tr\/index.php?rest_route=\/wp\/v2\/posts\/106781","targetHints":{"allow":["GET"]}}],"collection":[{"href":"https:\/\/archive.sana.sy\/tr\/index.php?rest_route=\/wp\/v2\/posts"}],"about":[{"href":"https:\/\/archive.sana.sy\/tr\/index.php?rest_route=\/wp\/v2\/types\/post"}],"author":[{"embeddable":true,"href":"https:\/\/archive.sana.sy\/tr\/index.php?rest_route=\/wp\/v2\/users\/1"}],"replies":[{"embeddable":true,"href":"https:\/\/archive.sana.sy\/tr\/index.php?rest_route=%2Fwp%2Fv2%2Fcomments&post=106781"}],"version-history":[{"count":0,"href":"https:\/\/archive.sana.sy\/tr\/index.php?rest_route=\/wp\/v2\/posts\/106781\/revisions"}],"wp:attachment":[{"href":"https:\/\/archive.sana.sy\/tr\/index.php?rest_route=%2Fwp%2Fv2%2Fmedia&parent=106781"}],"wp:term":[{"taxonomy":"category","embeddable":true,"href":"https:\/\/archive.sana.sy\/tr\/index.php?rest_route=%2Fwp%2Fv2%2Fcategories&post=106781"},{"taxonomy":"post_tag","embeddable":true,"href":"https:\/\/archive.sana.sy\/tr\/index.php?rest_route=%2Fwp%2Fv2%2Ftags&post=106781"}],"curies":[{"name":"wp","href":"https:\/\/api.w.org\/{rel}","templated":true}]}}