{"id":106782,"date":"2017-03-04T15:56:48","date_gmt":"2017-03-04T13:56:48","guid":{"rendered":"http:\/\/www.sana.sy\/tr\/?p=106782"},"modified":"2017-03-05T13:16:17","modified_gmt":"2017-03-05T11:16:17","slug":"dini-egitimde-bilimsel-deneyim-kazandirma-yollari-ele-alindi","status":"publish","type":"post","link":"https:\/\/archive.sana.sy\/tr\/?p=106782","title":{"rendered":"Dini E\u011fitimde Bilimsel Deneyim Kazand\u0131rma Yollar\u0131 Ele Al\u0131nd\u0131"},"content":{"rendered":"<p>GROZN\u0130 \u2013 Vak\u0131flar Bakan\u0131 Muhammed Abd\u00fcssettar el Seyit bug\u00fcn \u00c7e\u00e7enistan\u2019\u0131n ba\u015fkenti Grozni\u2019de \u00c7e\u00e7enistan M\u00fcft\u00fcs\u00fc Salih Muhammed Salah ve \u00c7e\u00e7enistan devlet ba\u015fkan\u0131 dan\u0131\u015fman\u0131 Adem \u015eehitov ile iki \u00fclkedeki dini kurumlar aras\u0131nda i\u015fbirli\u011fi ve ortak \u00e7al\u0131\u015fmalar\u0131 peki\u015ftirme olanaklar\u0131n\u0131 masaya yat\u0131rd\u0131.<\/p>\n<p><a href=\"http:\/\/www.sana.sy\/tr\/wp-content\/uploads\/2017\/03\/2-14.jpg\"><img loading=\"lazy\" decoding=\"async\" class=\"alignright wp-image-106784 size-medium\" src=\"http:\/\/www.sana.sy\/tr\/wp-content\/uploads\/2017\/03\/2-14-219x300.jpg\" width=\"219\" height=\"300\" srcset=\"https:\/\/archive.sana.sy\/tr\/wp-content\/uploads\/2017\/03\/2-14-219x300.jpg 219w, https:\/\/archive.sana.sy\/tr\/wp-content\/uploads\/2017\/03\/2-14-109x150.jpg 109w, https:\/\/archive.sana.sy\/tr\/wp-content\/uploads\/2017\/03\/2-14-768x1053.jpg 768w, https:\/\/archive.sana.sy\/tr\/wp-content\/uploads\/2017\/03\/2-14-747x1024.jpg 747w, https:\/\/archive.sana.sy\/tr\/wp-content\/uploads\/2017\/03\/2-14.jpg 862w\" sizes=\"auto, (max-width: 219px) 100vw, 219px\" \/><\/a>\u00c7e\u00e7enistan Dini \u0130dare Binas\u0131nda ger\u00e7ekle\u015fen g\u00f6r\u00fc\u015fmede ter\u00f6r ve radikalli\u011fe kar\u015f\u0131 m\u00fccadelede bilimsel ve ideolojik temelleri belirleme \u00fczerinde duruldu. \u0130ki taraf \u00c7e\u00e7enistan\u2019da dini ve \u015feriat e\u011fitiminin modern \u00e7a\u011fa uyum g\u00f6stermekle birlikte, k\u00f6kten dincilik ve tekfircili\u011fe kar\u015f\u0131 m\u00fccadele edecek \u015fekilde olmas\u0131 i\u00e7in bilimsel deneyim kazand\u0131rma olanaklar\u0131 \u00fczerinde odaklan\u0131ld\u0131.<\/p>\n<p>Vak\u0131flar Bakan\u0131 Seyit ba\u015fkent Grozni\u2019deki B\u00fcy\u00fck Camide Suriye&#8217;nin maruz kald\u0131\u011f\u0131 muhtelif y\u00f6nl\u00fc evrensel sava\u015f ve ger\u00e7eklerine \u0131\u015f\u0131k tuttu. \u00c7e\u00e7en m\u00fcft\u00fcs\u00fc ve \u00f6nde gelen din adamlar\u0131n\u0131n yan\u0131 s\u0131ra \u00c7e\u00e7enistan\u2019\u0131n her yerinden cami imamlar\u0131 ve hatiplere ilaveten geni\u015f \u00f6\u011frenci kitlesinin kat\u0131ld\u0131klar\u0131 bulu\u015fmada Bakan Seyit; Suriye&#8217;nin ordusu ve halk\u0131yla omuz omuza ter\u00f6re kar\u015f\u0131 verdi\u011fi \u015fanl\u0131 m\u00fccadeleye de \u0131\u015f\u0131k tuttu.<\/p>\n","protected":false},"excerpt":{"rendered":"<p>GROZN\u0130 \u2013 Vak\u0131flar Bakan\u0131 Muhammed Abd\u00fcssettar el Seyit bug\u00fcn \u00c7e\u00e7enistan\u2019\u0131n ba\u015fkenti Grozni\u2019de \u00c7e\u00e7enistan M\u00fcft\u00fcs\u00fc Salih Muhammed Salah ve \u00c7e\u00e7enistan devlet ba\u015fkan\u0131 dan\u0131\u015fman\u0131 Adem \u015eehitov ile iki \u00fclkedeki dini kurumlar aras\u0131nda i\u015fbirli\u011fi ve ortak \u00e7al\u0131\u015fmalar\u0131 peki\u015ftirme olanaklar\u0131n\u0131 masaya yat\u0131rd\u0131. \u00c7e\u00e7enistan Dini \u0130dare Binas\u0131nda ger\u00e7ekle\u015fen g\u00f6r\u00fc\u015fmede ter\u00f6r ve radikalli\u011fe kar\u015f\u0131 m\u00fccadelede bilimsel ve ideolojik temelleri belirleme \u00fczerinde &hellip;<\/p>\n","protected":false},"author":1,"featured_media":106783,"comment_status":"closed","ping_status":"closed","sticky":false,"template":"","format":"standard","meta":{"footnotes":""},"categories":[458,459,17988],"tags":[],"class_list":["post-106782","post","type-post","status-publish","format-standard","has-post-thumbnail","","category-dunya1","category-haberler-arap-uluslararasi-politika","category-son-haberler"],"_links":{"self":[{"href":"https:\/\/archive.sana.sy\/tr\/index.php?rest_route=\/wp\/v2\/posts\/106782","targetHints":{"allow":["GET"]}}],"collection":[{"href":"https:\/\/archive.sana.sy\/tr\/index.php?rest_route=\/wp\/v2\/posts"}],"about":[{"href":"https:\/\/archive.sana.sy\/tr\/index.php?rest_route=\/wp\/v2\/types\/post"}],"author":[{"embeddable":true,"href":"https:\/\/archive.sana.sy\/tr\/index.php?rest_route=\/wp\/v2\/users\/1"}],"replies":[{"embeddable":true,"href":"https:\/\/archive.sana.sy\/tr\/index.php?rest_route=%2Fwp%2Fv2%2Fcomments&post=106782"}],"version-history":[{"count":0,"href":"https:\/\/archive.sana.sy\/tr\/index.php?rest_route=\/wp\/v2\/posts\/106782\/revisions"}],"wp:featuredmedia":[{"embeddable":true,"href":"https:\/\/archive.sana.sy\/tr\/index.php?rest_route=\/wp\/v2\/media\/106783"}],"wp:attachment":[{"href":"https:\/\/archive.sana.sy\/tr\/index.php?rest_route=%2Fwp%2Fv2%2Fmedia&parent=106782"}],"wp:term":[{"taxonomy":"category","embeddable":true,"href":"https:\/\/archive.sana.sy\/tr\/index.php?rest_route=%2Fwp%2Fv2%2Fcategories&post=106782"},{"taxonomy":"post_tag","embeddable":true,"href":"https:\/\/archive.sana.sy\/tr\/index.php?rest_route=%2Fwp%2Fv2%2Ftags&post=106782"}],"curies":[{"name":"wp","href":"https:\/\/api.w.org\/{rel}","templated":true}]}}