{"id":106812,"date":"2017-03-04T19:17:13","date_gmt":"2017-03-04T17:17:13","guid":{"rendered":"http:\/\/www.sana.sy\/tr\/?p=106812"},"modified":"2017-03-04T19:17:13","modified_gmt":"2017-03-04T17:17:13","slug":"ordu-ve-silahli-kuvvetler-genel-komutan-yardimcisi-savunma-bakani-korgeneral-fahd-casim-el-freyc-homs-ilinin-dogusunda-ordu-birliklerimizin-isidten-kurtardiklari-tedmur-palmira-bolg","status":"publish","type":"post","link":"https:\/\/archive.sana.sy\/tr\/?p=106812","title":{"rendered":"Ordu ve Silahl\u0131 Kuvvetler Genel Komutan Yard\u0131mc\u0131s\u0131 Savunma Bakan\u0131 Korgeneral Fahd Casim el Freyc Homs \u0130linin do\u011fusunda ordu birliklerimizin I\u015e\u0130D\u2019ten kurtard\u0131klar\u0131 Tedmur \u2013 Palmira B\u00f6lgesinde askeri birliklerimizi ziyaret etti"},"content":{"rendered":"<p>Ordu ve Silahl\u0131 Kuvvetler Genel Komutan Yard\u0131mc\u0131s\u0131 Savunma Bakan\u0131 Korgeneral Fahd Casim el Freyc Homs \u0130linin do\u011fusunda ordu birliklerimizin I\u015e\u0130D\u2019ten kurtard\u0131klar\u0131 Tedmur \u2013 Palmira B\u00f6lgesinde askeri birliklerimizi ziyaret etti<\/p>\n","protected":false},"excerpt":{"rendered":"<p>Ordu ve Silahl\u0131 Kuvvetler Genel Komutan Yard\u0131mc\u0131s\u0131 Savunma Bakan\u0131 Korgeneral Fahd Casim el Freyc Homs \u0130linin do\u011fusunda ordu birliklerimizin I\u015e\u0130D\u2019ten kurtard\u0131klar\u0131 Tedmur \u2013 Palmira B\u00f6lgesinde askeri birliklerimizi ziyaret etti<\/p>\n","protected":false},"author":1,"featured_media":0,"comment_status":"closed","ping_status":"closed","sticky":false,"template":"","format":"standard","meta":{"footnotes":""},"categories":[17991],"tags":[],"class_list":["post-106812","post","type-post","status-publish","format-standard","","category-son-dakika"],"_links":{"self":[{"href":"https:\/\/archive.sana.sy\/tr\/index.php?rest_route=\/wp\/v2\/posts\/106812","targetHints":{"allow":["GET"]}}],"collection":[{"href":"https:\/\/archive.sana.sy\/tr\/index.php?rest_route=\/wp\/v2\/posts"}],"about":[{"href":"https:\/\/archive.sana.sy\/tr\/index.php?rest_route=\/wp\/v2\/types\/post"}],"author":[{"embeddable":true,"href":"https:\/\/archive.sana.sy\/tr\/index.php?rest_route=\/wp\/v2\/users\/1"}],"replies":[{"embeddable":true,"href":"https:\/\/archive.sana.sy\/tr\/index.php?rest_route=%2Fwp%2Fv2%2Fcomments&post=106812"}],"version-history":[{"count":0,"href":"https:\/\/archive.sana.sy\/tr\/index.php?rest_route=\/wp\/v2\/posts\/106812\/revisions"}],"wp:attachment":[{"href":"https:\/\/archive.sana.sy\/tr\/index.php?rest_route=%2Fwp%2Fv2%2Fmedia&parent=106812"}],"wp:term":[{"taxonomy":"category","embeddable":true,"href":"https:\/\/archive.sana.sy\/tr\/index.php?rest_route=%2Fwp%2Fv2%2Fcategories&post=106812"},{"taxonomy":"post_tag","embeddable":true,"href":"https:\/\/archive.sana.sy\/tr\/index.php?rest_route=%2Fwp%2Fv2%2Ftags&post=106812"}],"curies":[{"name":"wp","href":"https:\/\/api.w.org\/{rel}","templated":true}]}}