{"id":106816,"date":"2017-03-04T20:42:32","date_gmt":"2017-03-04T18:42:32","guid":{"rendered":"http:\/\/www.sana.sy\/tr\/?p=106816"},"modified":"2017-03-05T09:57:26","modified_gmt":"2017-03-05T07:57:26","slug":"savunma-bakani-tedmur-pamira-bolgesinde-ordu-birliklerimizi-ziyaret-etti","status":"publish","type":"post","link":"https:\/\/archive.sana.sy\/tr\/?p=106816","title":{"rendered":"Savunma Bakan\u0131 Tedmur \u2013 Pamira B\u00f6lgesinde Ordu Birliklerimizi Ziyaret Etti (video)"},"content":{"rendered":"<p>HOMS \u2013 Ordu ve Silahl\u0131 Kuvvetler Genel Komutan Yard\u0131mc\u0131s\u0131 Savunma Bakan\u0131 Korgeneral Fahd Casim el Freyc Homs \u0130linin do\u011fusunda ordu birliklerimizin I\u015e\u0130D\u2019ten kurtard\u0131klar\u0131 Tedmur \u2013 Palmira B\u00f6lgesinde askeri birliklerimizi ziyaret etti.<\/p>\n<p><a href=\"http:\/\/www.sana.sy\/tr\/wp-content\/uploads\/2017\/03\/Freyc.jpg\"><img loading=\"lazy\" decoding=\"async\" class=\"alignright wp-image-106837 size-medium\" src=\"http:\/\/www.sana.sy\/tr\/wp-content\/uploads\/2017\/03\/Freyc-300x150.jpg\" width=\"300\" height=\"150\" srcset=\"https:\/\/archive.sana.sy\/tr\/wp-content\/uploads\/2017\/03\/Freyc-300x150.jpg 300w, https:\/\/archive.sana.sy\/tr\/wp-content\/uploads\/2017\/03\/Freyc-150x75.jpg 150w, https:\/\/archive.sana.sy\/tr\/wp-content\/uploads\/2017\/03\/Freyc.jpg 660w\" sizes=\"auto, (max-width: 300px) 100vw, 300px\" \/><\/a>Ordu ve Silahl\u0131 Kuvvetler Genel Komutan\u0131 Orgeneral Be\u015f\u015far el Esad\u2019\u0131n y\u00f6nlendirmeleri do\u011frultusunda ger\u00e7ekle\u015ftirdi\u011fi saha ziyaretinde Savunma Bakan\u0131 Freyc; I\u015e\u0130D\u2019e kar\u015f\u0131 sa\u011flad\u0131klar\u0131 \u00f6nemli ba\u015far\u0131lardan dolay\u0131 el Esad\u2019\u0131n kutlamalar\u0131n\u0131 iletti.<\/p>\n<p>Savunma Bakan\u0131 Freyc vatan koruyucular\u0131m\u0131z ile g\u00f6r\u00fc\u015fmelerinde tekfirci ter\u00f6r \u00f6rg\u00fct\u00fc I\u015e\u0130D\u2019e kar\u015f\u0131 operasyonlar\u0131n seyri hakk\u0131nda bilgi al\u0131rken, tekfircilerin b\u00f6lgeden yok edilmeleri \u00f6ncesinde b\u00f6lgede bulunan binlerce y\u0131ll\u0131k tarihi eserlere ilaveten \u00f6zel m\u00fclklere verdikleri hasar\u0131 inceledi.<\/p>\n<p>Ordu birliklerimizin ter\u00f6re kar\u015f\u0131 sava\u015f\u0131n\u0131 vatan topraklar\u0131n\u0131n her kar\u0131\u015f\u0131n\u0131 ve her vatanda\u015f\u0131n g\u00fcvenli\u011fini sa\u011flay\u0131ncaya dek s\u00fcrd\u00fcrme kararl\u0131l\u0131\u011f\u0131n\u0131n bir kez daha alt\u0131n\u0131 \u00e7izen Freyc, Tedmur \u2013 Palmira\u2019da sa\u011flanan zaferin askeri, siyasi, insani ve tarihi a\u00e7\u0131dan \u00f6nemine vurgu yapt\u0131.<\/p>\n<p>I\u015e\u0130D\u2019 kar\u015f\u0131 yeni operasyonlar i\u00e7in saha komutanlar\u0131na y\u00f6nlendirmelerde bulunan Savunma Bakan\u0131 Korgeneral Freyc; askerlerin vatan ve vatanda\u015flar\u0131 ter\u00f6re kar\u015f\u0131 savunmada sergiledikleri azim ve y\u00fcksek moralin takdire \u015fayan oldu\u011funu ifade etti.<\/p>\n<p>https:\/\/www.youtube.com\/watch?v=yAw9MHbYE3Y<\/p>\n","protected":false},"excerpt":{"rendered":"<p>HOMS \u2013 Ordu ve Silahl\u0131 Kuvvetler Genel Komutan Yard\u0131mc\u0131s\u0131 Savunma Bakan\u0131 Korgeneral Fahd Casim el Freyc Homs \u0130linin do\u011fusunda ordu birliklerimizin I\u015e\u0130D\u2019ten kurtard\u0131klar\u0131 Tedmur \u2013 Palmira B\u00f6lgesinde askeri birliklerimizi ziyaret etti. Ordu ve Silahl\u0131 Kuvvetler Genel Komutan\u0131 Orgeneral Be\u015f\u015far el Esad\u2019\u0131n y\u00f6nlendirmeleri do\u011frultusunda ger\u00e7ekle\u015ftirdi\u011fi saha ziyaretinde Savunma Bakan\u0131 Freyc; I\u015e\u0130D\u2019e kar\u015f\u0131 sa\u011flad\u0131klar\u0131 \u00f6nemli ba\u015far\u0131lardan dolay\u0131 &hellip;<\/p>\n","protected":false},"author":1,"featured_media":106836,"comment_status":"closed","ping_status":"closed","sticky":false,"template":"","format":"standard","meta":{"footnotes":""},"categories":[479,575,17988,478],"tags":[28113],"class_list":["post-106816","post","type-post","status-publish","format-standard","has-post-thumbnail","","category-haberler-yerel","category-olaylar-ve-gercekler","category-son-haberler","category-yerel","tag-savunma-bakani-tedmur-pamira-bolgesinde-ordu-birliklerimizi-ziyaret-etti"],"_links":{"self":[{"href":"https:\/\/archive.sana.sy\/tr\/index.php?rest_route=\/wp\/v2\/posts\/106816","targetHints":{"allow":["GET"]}}],"collection":[{"href":"https:\/\/archive.sana.sy\/tr\/index.php?rest_route=\/wp\/v2\/posts"}],"about":[{"href":"https:\/\/archive.sana.sy\/tr\/index.php?rest_route=\/wp\/v2\/types\/post"}],"author":[{"embeddable":true,"href":"https:\/\/archive.sana.sy\/tr\/index.php?rest_route=\/wp\/v2\/users\/1"}],"replies":[{"embeddable":true,"href":"https:\/\/archive.sana.sy\/tr\/index.php?rest_route=%2Fwp%2Fv2%2Fcomments&post=106816"}],"version-history":[{"count":0,"href":"https:\/\/archive.sana.sy\/tr\/index.php?rest_route=\/wp\/v2\/posts\/106816\/revisions"}],"wp:featuredmedia":[{"embeddable":true,"href":"https:\/\/archive.sana.sy\/tr\/index.php?rest_route=\/wp\/v2\/media\/106836"}],"wp:attachment":[{"href":"https:\/\/archive.sana.sy\/tr\/index.php?rest_route=%2Fwp%2Fv2%2Fmedia&parent=106816"}],"wp:term":[{"taxonomy":"category","embeddable":true,"href":"https:\/\/archive.sana.sy\/tr\/index.php?rest_route=%2Fwp%2Fv2%2Fcategories&post=106816"},{"taxonomy":"post_tag","embeddable":true,"href":"https:\/\/archive.sana.sy\/tr\/index.php?rest_route=%2Fwp%2Fv2%2Ftags&post=106816"}],"curies":[{"name":"wp","href":"https:\/\/api.w.org\/{rel}","templated":true}]}}