{"id":106846,"date":"2017-03-05T08:30:16","date_gmt":"2017-03-05T06:30:16","guid":{"rendered":"http:\/\/www.sana.sy\/tr\/?p=106846"},"modified":"2017-03-06T11:57:58","modified_gmt":"2017-03-06T09:57:58","slug":"ahmet-tedmurun-kurtarilmasi-terore-indirilen-buyuk-bir-darbe-oldu","status":"publish","type":"post","link":"https:\/\/archive.sana.sy\/tr\/?p=106846","title":{"rendered":"Ahmet: Tedmur\u2019un Kurtar\u0131lmas\u0131 Ter\u00f6re \u0130ndirilen B\u00fcy\u00fck Bir Darbe Oldu"},"content":{"rendered":"<p>\u015eAM \u2013 K\u00fclt\u00fcr Bakan\u0131 Muhammed el Ahmet; tarihi ve insanl\u0131k uygarl\u0131\u011f\u0131nda sahip oldu\u011fu konum itibariyle Tedmur kentinin I\u015e\u0130D ter\u00f6r \u00f6rg\u00fct\u00fcnden kurtar\u0131lmas\u0131n\u0131n \u00f6nemine dikkat \u00e7ekerek Tedmur kentinin kurtar\u0131lmas\u0131 operasyonunun b\u00fcy\u00fck bir titizlik ve kahramanl\u0131k \u00fcr\u00fcn\u00fc oldu\u011funu dile getirdi.<\/p>\n<p>K\u00fclt\u00fcr Bakan\u0131 Ahmet d\u00fcn yay\u0131nlad\u0131\u011f\u0131 beyanda; silahl\u0131 ter\u00f6r gruplar\u0131n\u0131n Tedmur kentindeki insanl\u0131k ve uygarl\u0131k miras\u0131n\u0131 halk\u0131n haf\u0131zas\u0131ndan silmeye \u00e7al\u0131\u015ft\u0131\u011f\u0131n ancak ba\u015far\u0131l\u0131 olamad\u0131\u011f\u0131n\u0131 ifade ederek Tedmur kentinin kurtar\u0131lmas\u0131n\u0131n tekfirci gruplara b\u00fcy\u00fck bir darbe te\u015fkil etti\u011fini belirtti.<\/p>\n<p>Tarihi Eser ve M\u00fczeler M\u00fcd\u00fcrl\u00fc\u011f\u00fcndeki yetkililer ve ilgili m\u00fchendislerden Arkeolojik Kentteki hasar\u0131n de\u011ferlendirilmesi ve belgelenmesini talep eden Ahmet; ilgili taraflara Tedmur kendinde restorasyon ve bak\u0131m faaliyetlerinde ulusal ve uluslararas\u0131 b\u00fct\u00fcn kurumlarla tam bir i\u015fbirli\u011fi ve koordinasyon yapmalar\u0131 \u00e7a\u011fr\u0131s\u0131nda bulundu.<\/p>\n","protected":false},"excerpt":{"rendered":"<p>\u015eAM \u2013 K\u00fclt\u00fcr Bakan\u0131 Muhammed el Ahmet; tarihi ve insanl\u0131k uygarl\u0131\u011f\u0131nda sahip oldu\u011fu konum itibariyle Tedmur kentinin I\u015e\u0130D ter\u00f6r \u00f6rg\u00fct\u00fcnden kurtar\u0131lmas\u0131n\u0131n \u00f6nemine dikkat \u00e7ekerek Tedmur kentinin kurtar\u0131lmas\u0131 operasyonunun b\u00fcy\u00fck bir titizlik ve kahramanl\u0131k \u00fcr\u00fcn\u00fc oldu\u011funu dile getirdi. K\u00fclt\u00fcr Bakan\u0131 Ahmet d\u00fcn yay\u0131nlad\u0131\u011f\u0131 beyanda; silahl\u0131 ter\u00f6r gruplar\u0131n\u0131n Tedmur kentindeki insanl\u0131k ve uygarl\u0131k miras\u0131n\u0131 halk\u0131n haf\u0131zas\u0131ndan silmeye &hellip;<\/p>\n","protected":false},"author":1,"featured_media":106849,"comment_status":"closed","ping_status":"closed","sticky":false,"template":"","format":"standard","meta":{"footnotes":""},"categories":[479,17988,478],"tags":[28117],"class_list":["post-106846","post","type-post","status-publish","format-standard","has-post-thumbnail","","category-haberler-yerel","category-son-haberler","category-yerel","tag-ahmet-tedmurun-kurtarilmasi-terore-indirilen-buyuk-bir-darbe-oldu"],"_links":{"self":[{"href":"https:\/\/archive.sana.sy\/tr\/index.php?rest_route=\/wp\/v2\/posts\/106846","targetHints":{"allow":["GET"]}}],"collection":[{"href":"https:\/\/archive.sana.sy\/tr\/index.php?rest_route=\/wp\/v2\/posts"}],"about":[{"href":"https:\/\/archive.sana.sy\/tr\/index.php?rest_route=\/wp\/v2\/types\/post"}],"author":[{"embeddable":true,"href":"https:\/\/archive.sana.sy\/tr\/index.php?rest_route=\/wp\/v2\/users\/1"}],"replies":[{"embeddable":true,"href":"https:\/\/archive.sana.sy\/tr\/index.php?rest_route=%2Fwp%2Fv2%2Fcomments&post=106846"}],"version-history":[{"count":0,"href":"https:\/\/archive.sana.sy\/tr\/index.php?rest_route=\/wp\/v2\/posts\/106846\/revisions"}],"wp:featuredmedia":[{"embeddable":true,"href":"https:\/\/archive.sana.sy\/tr\/index.php?rest_route=\/wp\/v2\/media\/106849"}],"wp:attachment":[{"href":"https:\/\/archive.sana.sy\/tr\/index.php?rest_route=%2Fwp%2Fv2%2Fmedia&parent=106846"}],"wp:term":[{"taxonomy":"category","embeddable":true,"href":"https:\/\/archive.sana.sy\/tr\/index.php?rest_route=%2Fwp%2Fv2%2Fcategories&post=106846"},{"taxonomy":"post_tag","embeddable":true,"href":"https:\/\/archive.sana.sy\/tr\/index.php?rest_route=%2Fwp%2Fv2%2Ftags&post=106846"}],"curies":[{"name":"wp","href":"https:\/\/api.w.org\/{rel}","templated":true}]}}