{"id":106863,"date":"2017-03-05T09:00:43","date_gmt":"2017-03-05T07:00:43","guid":{"rendered":"http:\/\/www.sana.sy\/tr\/?p=106863"},"modified":"2017-03-05T13:45:33","modified_gmt":"2017-03-05T11:45:33","slug":"iran-rusyanin-operasyonlarini-destekliyor","status":"publish","type":"post","link":"https:\/\/archive.sana.sy\/tr\/?p=106863","title":{"rendered":"\u0130ran, Rusya&#8217;n\u0131n Operasyonlar\u0131n\u0131 Destekliyor"},"content":{"rendered":"<p>TAHRAN \u2013 \u0130ran Savunma Bakan\u0131 H\u00fcseyin Dehkan \u0130ran\u2019\u0131n, Suriye&#8217;de ter\u00f6r \u00f6rg\u00fctlere kar\u015f\u0131 d\u00fczenledi\u011fi askeri operasyonlar\u0131nda Rusya&#8217;y\u0131 destekledi\u011fini bir kez daha belirtti.<\/p>\n<p>Dehkan \u0130ranl\u0131 Fars Haber ajans\u0131n\u0131n bug\u00fcn aktard\u0131\u011f\u0131 a\u00e7\u0131klamalar\u0131nda; Suriye&#8217;deki krizin \u00e7\u00f6z\u00fcm\u00fc ve Suriye&#8217;de ter\u00f6r \u00f6rg\u00fctlere kar\u015f\u0131 sava\u015fta \u0130ran ve Rusya aras\u0131nda g\u00fc\u00e7l\u00fc bir i\u015fbirli\u011fi ve koordinasyonun bulundu\u011funu ifade etti. \u0130ranl\u0131 bakan Suriye&#8217;de ter\u00f6r\u00fcn yok edilmesi hedefinde iki \u00fclke aras\u0131ndaki s\u00f6z konusu i\u015fbirli\u011fi ve deste\u011fin gayet normal oldu\u011funu s\u00f6yledi.<\/p>\n","protected":false},"excerpt":{"rendered":"<p>TAHRAN \u2013 \u0130ran Savunma Bakan\u0131 H\u00fcseyin Dehkan \u0130ran\u2019\u0131n, Suriye&#8217;de ter\u00f6r \u00f6rg\u00fctlere kar\u015f\u0131 d\u00fczenledi\u011fi askeri operasyonlar\u0131nda Rusya&#8217;y\u0131 destekledi\u011fini bir kez daha belirtti. Dehkan \u0130ranl\u0131 Fars Haber ajans\u0131n\u0131n bug\u00fcn aktard\u0131\u011f\u0131 a\u00e7\u0131klamalar\u0131nda; Suriye&#8217;deki krizin \u00e7\u00f6z\u00fcm\u00fc ve Suriye&#8217;de ter\u00f6r \u00f6rg\u00fctlere kar\u015f\u0131 sava\u015fta \u0130ran ve Rusya aras\u0131nda g\u00fc\u00e7l\u00fc bir i\u015fbirli\u011fi ve koordinasyonun bulundu\u011funu ifade etti. \u0130ranl\u0131 bakan Suriye&#8217;de ter\u00f6r\u00fcn yok &hellip;<\/p>\n","protected":false},"author":1,"featured_media":106891,"comment_status":"closed","ping_status":"closed","sticky":false,"template":"","format":"standard","meta":{"footnotes":""},"categories":[458,459,17988],"tags":[23906,28121,23905,26375,24922,22182,18604],"class_list":["post-106863","post","type-post","status-publish","format-standard","has-post-thumbnail","","category-dunya1","category-haberler-arap-uluslararasi-politika","category-son-haberler","tag-huseyin-dehkan","tag-iran-rusyayi-destekliyor","tag-iran-savunma-bakani","tag-iran-ve-suriye","tag-rusya-ve-iran","tag-suriyede-savas","tag-terore-karsi-savas"],"_links":{"self":[{"href":"https:\/\/archive.sana.sy\/tr\/index.php?rest_route=\/wp\/v2\/posts\/106863","targetHints":{"allow":["GET"]}}],"collection":[{"href":"https:\/\/archive.sana.sy\/tr\/index.php?rest_route=\/wp\/v2\/posts"}],"about":[{"href":"https:\/\/archive.sana.sy\/tr\/index.php?rest_route=\/wp\/v2\/types\/post"}],"author":[{"embeddable":true,"href":"https:\/\/archive.sana.sy\/tr\/index.php?rest_route=\/wp\/v2\/users\/1"}],"replies":[{"embeddable":true,"href":"https:\/\/archive.sana.sy\/tr\/index.php?rest_route=%2Fwp%2Fv2%2Fcomments&post=106863"}],"version-history":[{"count":0,"href":"https:\/\/archive.sana.sy\/tr\/index.php?rest_route=\/wp\/v2\/posts\/106863\/revisions"}],"wp:featuredmedia":[{"embeddable":true,"href":"https:\/\/archive.sana.sy\/tr\/index.php?rest_route=\/wp\/v2\/media\/106891"}],"wp:attachment":[{"href":"https:\/\/archive.sana.sy\/tr\/index.php?rest_route=%2Fwp%2Fv2%2Fmedia&parent=106863"}],"wp:term":[{"taxonomy":"category","embeddable":true,"href":"https:\/\/archive.sana.sy\/tr\/index.php?rest_route=%2Fwp%2Fv2%2Fcategories&post=106863"},{"taxonomy":"post_tag","embeddable":true,"href":"https:\/\/archive.sana.sy\/tr\/index.php?rest_route=%2Fwp%2Fv2%2Ftags&post=106863"}],"curies":[{"name":"wp","href":"https:\/\/api.w.org\/{rel}","templated":true}]}}