{"id":106864,"date":"2017-03-04T22:10:47","date_gmt":"2017-03-04T20:10:47","guid":{"rendered":"http:\/\/www.sana.sy\/tr\/?p=106864"},"modified":"2017-03-05T13:17:29","modified_gmt":"2017-03-05T11:17:29","slug":"toplanti-seffaf-ve-stratejik-bir-basin-politikasi-belirleme-yontemlerine-odaklandi","status":"publish","type":"post","link":"https:\/\/archive.sana.sy\/tr\/?p=106864","title":{"rendered":"Toplant\u0131 \u015eeffaf ve Stratejik Bir Bas\u0131n Politikas\u0131 Belirleme Y\u00f6ntemlerine Odakland\u0131 (video)"},"content":{"rendered":"<p>\u015eAM \u2013 Ba\u015fbakan \u0130mad Hamis\u2019in Bas\u0131n Sekt\u00f6r\u00fc \u00e7al\u0131\u015fanlar\u0131yla bir araya geldi\u011fi; ekonomi, sosyal, d\u00fc\u015f\u00fcnsel, hizmet ve kalk\u0131nma alanlar\u0131nda izlenecek \u015feffaf ve stratejik bir bas\u0131n politikas\u0131 belirlenmesi ile ilgili toplant\u0131 bas\u0131n faaliyetlerinin geli\u015ftirilmesi ve \u00fclkeyi hedef alan ter\u00f6r sald\u0131r\u0131lar\u0131 kar\u015f\u0131s\u0131nda direni\u015fi g\u00fc\u00e7lendirme y\u00f6ntemlerine odakland\u0131.<\/p>\n<p>B\u00fct\u00fcn kurumlarda idare hiyerar\u015finin belli bir zaman cetveli kapsam\u0131nda yeniden d\u00fczenlenmesi gere\u011fine i\u015faret eden Ba\u015fbakan Hamis; baz\u0131 bas\u0131n kurumlar\u0131n\u0131n birle\u015ftirilmesi \u00f6nerileri ve ekonomik kazan\u00e7 kurulu\u015flar\u0131nda yat\u0131r\u0131m yapma olanaklar\u0131n\u0131n incelemek \u00fczere bir \u00e7al\u0131\u015fma ekibi kurulmas\u0131 gere\u011fini belirtti.<\/p>\n<p>Enformasyon Bakan\u0131 Muhammed Ramiz Terc\u00fcman; \u00fclkenin maruz kald\u0131\u011f\u0131 sald\u0131r\u0131lara kar\u015f\u0131 direnci g\u00fc\u00e7lendirmede bas\u0131n\u0131n \u00e7ok \u00f6nemli bir rol\u00fc bulundu\u011funa dikkat \u00e7ekerek \u00fclkedeki askeri, siyasi ve iktisadi de\u011fi\u015fikliklere uyum sa\u011flayacak bir bas\u0131n dili ve politikas\u0131 geli\u015ftirmenin \u00f6nemini vurgulad\u0131.<\/p>\n<p>Bakanl\u0131kta finans, idari alanda geli\u015fim y\u00f6ntemlerini inceleme ve bas\u0131n kurumlar\u0131 personeline takdim edilen kartlar\u0131n sa\u011flad\u0131\u011f\u0131 haklar ve g\u00f6rev tan\u0131mlamalar\u0131n\u0131 belirleme alanlar\u0131nda \u00e7al\u0131\u015fan iki \u00e7al\u0131\u015fma ekibi bulundu\u011funu dile getiren Terc\u00fcman; bas\u0131n\u0131n b\u00fct\u00fcn \u00e7abalar\u0131n\u0131n devlet ile vatanda\u015f aras\u0131ndaki g\u00fcven k\u00f6pr\u00fclerini g\u00fc\u00e7lendirmeye hizmet etti\u011fini vurgulad\u0131.<\/p>\n<p>https:\/\/www.youtube.com\/watch?v=nfbDpxEAOS4<\/p>\n","protected":false},"excerpt":{"rendered":"<p>\u015eAM \u2013 Ba\u015fbakan \u0130mad Hamis\u2019in Bas\u0131n Sekt\u00f6r\u00fc \u00e7al\u0131\u015fanlar\u0131yla bir araya geldi\u011fi; ekonomi, sosyal, d\u00fc\u015f\u00fcnsel, hizmet ve kalk\u0131nma alanlar\u0131nda izlenecek \u015feffaf ve stratejik bir bas\u0131n politikas\u0131 belirlenmesi ile ilgili toplant\u0131 bas\u0131n faaliyetlerinin geli\u015ftirilmesi ve \u00fclkeyi hedef alan ter\u00f6r sald\u0131r\u0131lar\u0131 kar\u015f\u0131s\u0131nda direni\u015fi g\u00fc\u00e7lendirme y\u00f6ntemlerine odakland\u0131. B\u00fct\u00fcn kurumlarda idare hiyerar\u015finin belli bir zaman cetveli kapsam\u0131nda yeniden d\u00fczenlenmesi gere\u011fine &hellip;<\/p>\n","protected":false},"author":1,"featured_media":106865,"comment_status":"closed","ping_status":"closed","sticky":false,"template":"","format":"standard","meta":{"footnotes":""},"categories":[479,17988,478],"tags":[28120,28119,3838,28118],"class_list":["post-106864","post","type-post","status-publish","format-standard","has-post-thumbnail","","category-haberler-yerel","category-son-haberler","category-yerel","tag-dusunsel","tag-sam-basbakan-imad-hamisin-basin-sektoru-calisanlariyla-bir-araya-geldigi-ekonomi","tag-sosyal","tag-toplanti-seffaf-ve-stratejik-bir-basin-politikasi-belirleme-yontemlerine-odaklandi"],"_links":{"self":[{"href":"https:\/\/archive.sana.sy\/tr\/index.php?rest_route=\/wp\/v2\/posts\/106864","targetHints":{"allow":["GET"]}}],"collection":[{"href":"https:\/\/archive.sana.sy\/tr\/index.php?rest_route=\/wp\/v2\/posts"}],"about":[{"href":"https:\/\/archive.sana.sy\/tr\/index.php?rest_route=\/wp\/v2\/types\/post"}],"author":[{"embeddable":true,"href":"https:\/\/archive.sana.sy\/tr\/index.php?rest_route=\/wp\/v2\/users\/1"}],"replies":[{"embeddable":true,"href":"https:\/\/archive.sana.sy\/tr\/index.php?rest_route=%2Fwp%2Fv2%2Fcomments&post=106864"}],"version-history":[{"count":0,"href":"https:\/\/archive.sana.sy\/tr\/index.php?rest_route=\/wp\/v2\/posts\/106864\/revisions"}],"wp:featuredmedia":[{"embeddable":true,"href":"https:\/\/archive.sana.sy\/tr\/index.php?rest_route=\/wp\/v2\/media\/106865"}],"wp:attachment":[{"href":"https:\/\/archive.sana.sy\/tr\/index.php?rest_route=%2Fwp%2Fv2%2Fmedia&parent=106864"}],"wp:term":[{"taxonomy":"category","embeddable":true,"href":"https:\/\/archive.sana.sy\/tr\/index.php?rest_route=%2Fwp%2Fv2%2Fcategories&post=106864"},{"taxonomy":"post_tag","embeddable":true,"href":"https:\/\/archive.sana.sy\/tr\/index.php?rest_route=%2Fwp%2Fv2%2Ftags&post=106864"}],"curies":[{"name":"wp","href":"https:\/\/api.w.org\/{rel}","templated":true}]}}