{"id":10687,"date":"2014-09-20T23:55:46","date_gmt":"2014-09-20T20:55:46","guid":{"rendered":"http:\/\/www.sana.sy\/tr\/?p=10687"},"modified":"2014-09-21T16:12:20","modified_gmt":"2014-09-21T13:12:20","slug":"teror-saflarindan-vatan-kucagina-siginanlarin-sayisi-artiyor","status":"publish","type":"post","link":"https:\/\/archive.sana.sy\/tr\/?p=10687","title":{"rendered":"Ter\u00f6r Saflar\u0131ndan Vatan Kuca\u011f\u0131na S\u0131\u011f\u0131nanlar\u0131n Say\u0131s\u0131 Art\u0131yor"},"content":{"rendered":"<p>\u0130LLER \u2013 Ter\u00f6r gruplar\u0131 saflar\u0131na kat\u0131ld\u0131ktan sonra ter\u00f6r\u00fcn bir batakl\u0131k oldu\u011funu g\u00f6ren ve bu batakl\u0131ktan kurtulmak isteyen 135 ki\u015fi vatan kuca\u011f\u0131na s\u0131\u011f\u0131nd\u0131lar.<\/p>\n<p>\u015eam, \u015eam K\u0131rsal\u0131, Haseke, Hama, Rakka, \u0130dlib, Halep, Homs, Deyrezzor, Lazkiye ve Dera\u2019da ilgili g\u00fcvenlik kurumlar\u0131na silahlar\u0131yla birlikte teslim olan 135 ki\u015fi genel af ve pi\u015fmanl\u0131k yasas\u0131 kapsam\u0131nda ifadeleri al\u0131nd\u0131ktan ve bir daha ter\u00f6r faaliyetlerine kat\u0131lmayacaklar\u0131n\u0131 taahh\u00fct ettikten sonra serbest b\u0131rak\u0131ld\u0131lar.<\/p>\n<p>Hat\u0131rlanaca\u011f\u0131 \u00fczere \u00f6nceki g\u00fcn de \u015eam K\u0131rsal\u0131 Muaddamiye Kalamun, Malula ve Cebadin\u2019den 128 ki\u015fi ayn\u0131 \u015fekilde g\u00fcvenlik kurumlar\u0131na teslim olmu\u015f genel af ve pi\u015fmanl\u0131k yasas\u0131 kapsam\u0131nda serbest b\u0131rak\u0131lm\u0131\u015ft\u0131.<\/p>\n","protected":false},"excerpt":{"rendered":"<p>\u0130LLER \u2013 Ter\u00f6r gruplar\u0131 saflar\u0131na kat\u0131ld\u0131ktan sonra ter\u00f6r\u00fcn bir batakl\u0131k oldu\u011funu g\u00f6ren ve bu batakl\u0131ktan kurtulmak isteyen 135 ki\u015fi vatan kuca\u011f\u0131na s\u0131\u011f\u0131nd\u0131lar. \u015eam, \u015eam K\u0131rsal\u0131, Haseke, Hama, Rakka, \u0130dlib, Halep, Homs, Deyrezzor, Lazkiye ve Dera\u2019da ilgili g\u00fcvenlik kurumlar\u0131na silahlar\u0131yla birlikte teslim olan 135 ki\u015fi genel af ve pi\u015fmanl\u0131k yasas\u0131 kapsam\u0131nda ifadeleri al\u0131nd\u0131ktan ve bir daha &hellip;<\/p>\n","protected":false},"author":1,"featured_media":10688,"comment_status":"closed","ping_status":"closed","sticky":false,"template":"","format":"standard","meta":{"footnotes":""},"categories":[575],"tags":[2500],"class_list":["post-10687","post","type-post","status-publish","format-standard","has-post-thumbnail","","category-olaylar-ve-gercekler","tag-teror-saflarindan-vatan-kucagina-siginanlarin-sayisi-artiyor"],"_links":{"self":[{"href":"https:\/\/archive.sana.sy\/tr\/index.php?rest_route=\/wp\/v2\/posts\/10687","targetHints":{"allow":["GET"]}}],"collection":[{"href":"https:\/\/archive.sana.sy\/tr\/index.php?rest_route=\/wp\/v2\/posts"}],"about":[{"href":"https:\/\/archive.sana.sy\/tr\/index.php?rest_route=\/wp\/v2\/types\/post"}],"author":[{"embeddable":true,"href":"https:\/\/archive.sana.sy\/tr\/index.php?rest_route=\/wp\/v2\/users\/1"}],"replies":[{"embeddable":true,"href":"https:\/\/archive.sana.sy\/tr\/index.php?rest_route=%2Fwp%2Fv2%2Fcomments&post=10687"}],"version-history":[{"count":0,"href":"https:\/\/archive.sana.sy\/tr\/index.php?rest_route=\/wp\/v2\/posts\/10687\/revisions"}],"wp:featuredmedia":[{"embeddable":true,"href":"https:\/\/archive.sana.sy\/tr\/index.php?rest_route=\/wp\/v2\/media\/10688"}],"wp:attachment":[{"href":"https:\/\/archive.sana.sy\/tr\/index.php?rest_route=%2Fwp%2Fv2%2Fmedia&parent=10687"}],"wp:term":[{"taxonomy":"category","embeddable":true,"href":"https:\/\/archive.sana.sy\/tr\/index.php?rest_route=%2Fwp%2Fv2%2Fcategories&post=10687"},{"taxonomy":"post_tag","embeddable":true,"href":"https:\/\/archive.sana.sy\/tr\/index.php?rest_route=%2Fwp%2Fv2%2Ftags&post=10687"}],"curies":[{"name":"wp","href":"https:\/\/api.w.org\/{rel}","templated":true}]}}