{"id":107009,"date":"2017-03-07T11:29:18","date_gmt":"2017-03-07T09:29:18","guid":{"rendered":"http:\/\/www.sana.sy\/tr\/?p=107009"},"modified":"2017-03-07T11:29:18","modified_gmt":"2017-03-07T09:29:18","slug":"sanaya-aciklama-yapan-askeri-kaynak-ordu-birliklerimizin-hama-iline-tabi-selemiye-kirsalinin-dogusu-bergotiye-koyunde-isid-teror-orgutune-ait-4x4-ceker-bir-araci-imha-ederek-cok-sayida-teror","status":"publish","type":"post","link":"https:\/\/archive.sana.sy\/tr\/?p=107009","title":{"rendered":"SANA\u2019ya a\u00e7\u0131klama yapan askeri kaynak; ordu birliklerimizin Hama \u0130line tabi Selemiye k\u0131rsal\u0131n\u0131n do\u011fusu Ber\u011fotiye K\u00f6y\u00fcnde I\u015e\u0130D ter\u00f6r \u00f6rg\u00fct\u00fcne ait 4X4 \u00e7eker bir arac\u0131 imha ederek \u00e7ok say\u0131da ter\u00f6risti \u00f6l\u00fc ve yaral\u0131 d\u00fc\u015f\u00fcrd\u00fcklerini belirtti"},"content":{"rendered":"<p>SANA\u2019ya a\u00e7\u0131klama yapan askeri kaynak; ordu birliklerimizin Hama \u0130line tabi Selemiye k\u0131rsal\u0131n\u0131n do\u011fusu Ber\u011fotiye K\u00f6y\u00fcnde I\u015e\u0130D ter\u00f6r \u00f6rg\u00fct\u00fcne ait 4X4 \u00e7eker bir arac\u0131 imha ederek \u00e7ok say\u0131da ter\u00f6risti \u00f6l\u00fc ve yaral\u0131 d\u00fc\u015f\u00fcrd\u00fcklerini belirtti<\/p>\n","protected":false},"excerpt":{"rendered":"<p>SANA\u2019ya a\u00e7\u0131klama yapan askeri kaynak; ordu birliklerimizin Hama \u0130line tabi Selemiye k\u0131rsal\u0131n\u0131n do\u011fusu Ber\u011fotiye K\u00f6y\u00fcnde I\u015e\u0130D ter\u00f6r \u00f6rg\u00fct\u00fcne ait 4X4 \u00e7eker bir arac\u0131 imha ederek \u00e7ok say\u0131da ter\u00f6risti \u00f6l\u00fc ve yaral\u0131 d\u00fc\u015f\u00fcrd\u00fcklerini belirtti<\/p>\n","protected":false},"author":1,"featured_media":0,"comment_status":"closed","ping_status":"closed","sticky":false,"template":"","format":"standard","meta":{"footnotes":""},"categories":[17991],"tags":[],"class_list":["post-107009","post","type-post","status-publish","format-standard","","category-son-dakika"],"_links":{"self":[{"href":"https:\/\/archive.sana.sy\/tr\/index.php?rest_route=\/wp\/v2\/posts\/107009","targetHints":{"allow":["GET"]}}],"collection":[{"href":"https:\/\/archive.sana.sy\/tr\/index.php?rest_route=\/wp\/v2\/posts"}],"about":[{"href":"https:\/\/archive.sana.sy\/tr\/index.php?rest_route=\/wp\/v2\/types\/post"}],"author":[{"embeddable":true,"href":"https:\/\/archive.sana.sy\/tr\/index.php?rest_route=\/wp\/v2\/users\/1"}],"replies":[{"embeddable":true,"href":"https:\/\/archive.sana.sy\/tr\/index.php?rest_route=%2Fwp%2Fv2%2Fcomments&post=107009"}],"version-history":[{"count":0,"href":"https:\/\/archive.sana.sy\/tr\/index.php?rest_route=\/wp\/v2\/posts\/107009\/revisions"}],"wp:attachment":[{"href":"https:\/\/archive.sana.sy\/tr\/index.php?rest_route=%2Fwp%2Fv2%2Fmedia&parent=107009"}],"wp:term":[{"taxonomy":"category","embeddable":true,"href":"https:\/\/archive.sana.sy\/tr\/index.php?rest_route=%2Fwp%2Fv2%2Fcategories&post=107009"},{"taxonomy":"post_tag","embeddable":true,"href":"https:\/\/archive.sana.sy\/tr\/index.php?rest_route=%2Fwp%2Fv2%2Ftags&post=107009"}],"curies":[{"name":"wp","href":"https:\/\/api.w.org\/{rel}","templated":true}]}}