{"id":107094,"date":"2017-03-08T09:00:45","date_gmt":"2017-03-08T07:00:45","guid":{"rendered":"http:\/\/www.sana.sy\/tr\/?p=107094"},"modified":"2017-03-10T16:22:33","modified_gmt":"2017-03-10T14:22:33","slug":"uluslararasi-film-festivali-sunumlarini-surduruyor","status":"publish","type":"post","link":"https:\/\/archive.sana.sy\/tr\/?p=107094","title":{"rendered":"Uluslararas\u0131 Film Festivali Sunumlar\u0131n\u0131 S\u00fcrd\u00fcr\u00fcyor"},"content":{"rendered":"<p>LAZK\u0130YE \u2013 Sinema Ad\u0131mlar\u0131 4. Uluslararas\u0131 K\u0131sa Film Festivali Lazkiye Esad K\u00fclt\u00fcr Sanat Merkezindeki sunumlar\u0131n\u0131 s\u00fcrd\u00fcr\u00fcyor.<\/p>\n<p>D\u00fcn Benglade\u015f, Bahreyn, M\u0131s\u0131r, Fas, Fransa, Almanya, \u0130ran, Irak ve Suriye yap\u0131m\u0131 toplam 22 filmi seyircisiyle bulu\u015fturan festivalde Suriye yap\u0131m\u0131 filmlerin genel olarak \u00fclkede ya\u015fanmakta olan olaylar\u0131 konu almas\u0131 dikkat \u00e7ekti.<\/p>\n<p>\u00dclkede ya\u015fanmakta olan olaylar\u0131 konu alan filmlerde ayr\u0131ca Suriye halk\u0131n\u0131n, maruz kald\u0131\u011f\u0131 b\u00fct\u00fcn sald\u0131r\u0131, zul\u00fcm ve zorluklara ra\u011fmen hayata ve vatan\u0131na s\u0131ms\u0131k\u0131 tutunmas\u0131 ve de\u011ferlerinden hi\u00e7bir \u015fekilde taviz vermeyen tutumu yans\u0131t\u0131l\u0131yor.<\/p>\n","protected":false},"excerpt":{"rendered":"<p>LAZK\u0130YE \u2013 Sinema Ad\u0131mlar\u0131 4. Uluslararas\u0131 K\u0131sa Film Festivali Lazkiye Esad K\u00fclt\u00fcr Sanat Merkezindeki sunumlar\u0131n\u0131 s\u00fcrd\u00fcr\u00fcyor. D\u00fcn Benglade\u015f, Bahreyn, M\u0131s\u0131r, Fas, Fransa, Almanya, \u0130ran, Irak ve Suriye yap\u0131m\u0131 toplam 22 filmi seyircisiyle bulu\u015fturan festivalde Suriye yap\u0131m\u0131 filmlerin genel olarak \u00fclkede ya\u015fanmakta olan olaylar\u0131 konu almas\u0131 dikkat \u00e7ekti. \u00dclkede ya\u015fanmakta olan olaylar\u0131 konu alan filmlerde ayr\u0131ca &hellip;<\/p>\n","protected":false},"author":1,"featured_media":107096,"comment_status":"closed","ping_status":"closed","sticky":false,"template":"","format":"standard","meta":{"footnotes":""},"categories":[516,511,17988],"tags":[28174,28175,28176],"class_list":["post-107094","post","type-post","status-publish","format-standard","has-post-thumbnail","","category-haberler-kultur-ve-sanat","category-kultur-ve-sanat","category-son-haberler","tag-lazkiye-esad-kultur-sanat-merkezi","tag-sinema-adimlari-4-uluslararasi-kisa-film-festivali-lazkiye-esad-kultur-sanat-merkezi","tag-uluslararasi-film-festivali-sunumlarini-surduruyor"],"_links":{"self":[{"href":"https:\/\/archive.sana.sy\/tr\/index.php?rest_route=\/wp\/v2\/posts\/107094","targetHints":{"allow":["GET"]}}],"collection":[{"href":"https:\/\/archive.sana.sy\/tr\/index.php?rest_route=\/wp\/v2\/posts"}],"about":[{"href":"https:\/\/archive.sana.sy\/tr\/index.php?rest_route=\/wp\/v2\/types\/post"}],"author":[{"embeddable":true,"href":"https:\/\/archive.sana.sy\/tr\/index.php?rest_route=\/wp\/v2\/users\/1"}],"replies":[{"embeddable":true,"href":"https:\/\/archive.sana.sy\/tr\/index.php?rest_route=%2Fwp%2Fv2%2Fcomments&post=107094"}],"version-history":[{"count":0,"href":"https:\/\/archive.sana.sy\/tr\/index.php?rest_route=\/wp\/v2\/posts\/107094\/revisions"}],"wp:featuredmedia":[{"embeddable":true,"href":"https:\/\/archive.sana.sy\/tr\/index.php?rest_route=\/wp\/v2\/media\/107096"}],"wp:attachment":[{"href":"https:\/\/archive.sana.sy\/tr\/index.php?rest_route=%2Fwp%2Fv2%2Fmedia&parent=107094"}],"wp:term":[{"taxonomy":"category","embeddable":true,"href":"https:\/\/archive.sana.sy\/tr\/index.php?rest_route=%2Fwp%2Fv2%2Fcategories&post=107094"},{"taxonomy":"post_tag","embeddable":true,"href":"https:\/\/archive.sana.sy\/tr\/index.php?rest_route=%2Fwp%2Fv2%2Ftags&post=107094"}],"curies":[{"name":"wp","href":"https:\/\/api.w.org\/{rel}","templated":true}]}}