{"id":107108,"date":"2017-03-08T14:22:39","date_gmt":"2017-03-08T12:22:39","guid":{"rendered":"http:\/\/www.sana.sy\/tr\/?p=107108"},"modified":"2017-03-10T16:22:29","modified_gmt":"2017-03-10T14:22:29","slug":"gurbetciler-onemli-yatirim-planlarimiz-var","status":"publish","type":"post","link":"https:\/\/archive.sana.sy\/tr\/?p=107108","title":{"rendered":"Gurbet\u00e7iler: \u00d6nemli Yat\u0131r\u0131m Planlar\u0131m\u0131z Var"},"content":{"rendered":"<p>\u015eAM \u2013 Halk Meclisi Ba\u015fkan\u0131 Hediye Abbas; gurbette ya\u015fayan Suriyelilerin, anavatanlar\u0131 ile medeniyet k\u00f6pr\u00fcleri te\u015fkil etmeleri itibar\u0131yla yeniden imar s\u00fcrecinde yurti\u00e7indeki Suriyeliler gibi \u00f6nemli bir role sahip olduklar\u0131n\u0131 belirtti.<\/p>\n<p><a href=\"http:\/\/www.sana.sy\/tr\/wp-content\/uploads\/2017\/03\/MHJ_3029.jpg\"><img loading=\"lazy\" decoding=\"async\" class=\"alignright wp-image-107110 size-medium\" src=\"http:\/\/www.sana.sy\/tr\/wp-content\/uploads\/2017\/03\/MHJ_3029-300x200.jpg\" alt=\"\" width=\"300\" height=\"200\" srcset=\"https:\/\/archive.sana.sy\/tr\/wp-content\/uploads\/2017\/03\/MHJ_3029-300x200.jpg 300w, https:\/\/archive.sana.sy\/tr\/wp-content\/uploads\/2017\/03\/MHJ_3029-150x100.jpg 150w, https:\/\/archive.sana.sy\/tr\/wp-content\/uploads\/2017\/03\/MHJ_3029-768x511.jpg 768w, https:\/\/archive.sana.sy\/tr\/wp-content\/uploads\/2017\/03\/MHJ_3029-1024x681.jpg 1024w\" sizes=\"auto, (max-width: 300px) 100vw, 300px\" \/><\/a>Kuveyt\u2019te bulunan ve anavatanlar\u0131 ile dayan\u0131\u015fma ama\u00e7l\u0131 olarak Suriye&#8217;yi ziyaret eden gurbet\u00e7ilerden bir heyetle g\u00f6r\u00fc\u015fmesinde Abbas; muhtelif devletlerde bulunan Suriyeli gurbet\u00e7ilerin kriz boyunca gayet \u00f6nemli bir misyon \u00fcstlendiklerini ve anavatanlar\u0131n\u0131 muhtelif faaliyetlerle savunduklar\u0131na dikkat \u00e7ekti.<\/p>\n<p>Abbas Suriye ordusunun ter\u00f6r ve destek\u00e7ilerine kar\u015f\u0131 sa\u011flam ad\u0131mlarla yap\u0131land\u0131rmakta oldu\u011fu \u015fanl\u0131 zafere i\u015faret ederken, bu zaferin ard\u0131ndan yeniden yap\u0131land\u0131rma ve ulusal ekonomiyi g\u00fc\u00e7lendirme s\u00fcre\u00e7lerinde gurbet\u00e7ilerin \u00f6nemli bir rol oynayacaklar\u0131na vurgu yapt\u0131.<\/p>\n<p>Gurbet\u00e7i heyet \u00fcyeleri ise, \u00f6zellikle \u015fehit aileleri ve gazilere \u00f6nemli destekte bulunacak, ulusal ekonomiyi de g\u00fc\u00e7lendirecek \u00f6nemli yat\u0131r\u0131m planlar\u0131na sahip olduklar\u0131n\u0131 ifade etti. Heyet \u00fcyeleri Suriye ordusunun ter\u00f6re kar\u015f\u0131 \u00fcst\u00fcn ba\u015far\u0131lar\u0131, Suriye ve halk\u0131n\u0131 korumada sergiledikleri sorumluluk ile b\u00fcy\u00fck bir gurur duyduklar\u0131n\u0131 belirtti.<\/p>\n","protected":false},"excerpt":{"rendered":"<p>\u015eAM \u2013 Halk Meclisi Ba\u015fkan\u0131 Hediye Abbas; gurbette ya\u015fayan Suriyelilerin, anavatanlar\u0131 ile medeniyet k\u00f6pr\u00fcleri te\u015fkil etmeleri itibar\u0131yla yeniden imar s\u00fcrecinde yurti\u00e7indeki Suriyeliler gibi \u00f6nemli bir role sahip olduklar\u0131n\u0131 belirtti. Kuveyt\u2019te bulunan ve anavatanlar\u0131 ile dayan\u0131\u015fma ama\u00e7l\u0131 olarak Suriye&#8217;yi ziyaret eden gurbet\u00e7ilerden bir heyetle g\u00f6r\u00fc\u015fmesinde Abbas; muhtelif devletlerde bulunan Suriyeli gurbet\u00e7ilerin kriz boyunca gayet \u00f6nemli bir &hellip;<\/p>\n","protected":false},"author":1,"featured_media":107109,"comment_status":"closed","ping_status":"closed","sticky":false,"template":"","format":"standard","meta":{"footnotes":""},"categories":[479,17988,478],"tags":[28179,28177,28178],"class_list":["post-107108","post","type-post","status-publish","format-standard","has-post-thumbnail","","category-haberler-yerel","category-son-haberler","category-yerel","tag-anavatanlari-ile-medeniyet-kopruleri-teskil-etmeleri-itibariyla-yeniden-imar-surecinde-yurticindeki-suriyeliler-gibi-onemli-bir-role-sahip-olduklarini-belirtti","tag-gurbetciler-onemli-yatirim-planlarimiz-var","tag-sam-halk-meclisi-baskani-hediye-abbas-gurbette-yasayan-suriyelilerin"],"_links":{"self":[{"href":"https:\/\/archive.sana.sy\/tr\/index.php?rest_route=\/wp\/v2\/posts\/107108","targetHints":{"allow":["GET"]}}],"collection":[{"href":"https:\/\/archive.sana.sy\/tr\/index.php?rest_route=\/wp\/v2\/posts"}],"about":[{"href":"https:\/\/archive.sana.sy\/tr\/index.php?rest_route=\/wp\/v2\/types\/post"}],"author":[{"embeddable":true,"href":"https:\/\/archive.sana.sy\/tr\/index.php?rest_route=\/wp\/v2\/users\/1"}],"replies":[{"embeddable":true,"href":"https:\/\/archive.sana.sy\/tr\/index.php?rest_route=%2Fwp%2Fv2%2Fcomments&post=107108"}],"version-history":[{"count":0,"href":"https:\/\/archive.sana.sy\/tr\/index.php?rest_route=\/wp\/v2\/posts\/107108\/revisions"}],"wp:featuredmedia":[{"embeddable":true,"href":"https:\/\/archive.sana.sy\/tr\/index.php?rest_route=\/wp\/v2\/media\/107109"}],"wp:attachment":[{"href":"https:\/\/archive.sana.sy\/tr\/index.php?rest_route=%2Fwp%2Fv2%2Fmedia&parent=107108"}],"wp:term":[{"taxonomy":"category","embeddable":true,"href":"https:\/\/archive.sana.sy\/tr\/index.php?rest_route=%2Fwp%2Fv2%2Fcategories&post=107108"},{"taxonomy":"post_tag","embeddable":true,"href":"https:\/\/archive.sana.sy\/tr\/index.php?rest_route=%2Fwp%2Fv2%2Ftags&post=107108"}],"curies":[{"name":"wp","href":"https:\/\/api.w.org\/{rel}","templated":true}]}}