{"id":107184,"date":"2017-03-09T13:40:16","date_gmt":"2017-03-09T11:40:16","guid":{"rendered":"http:\/\/www.sana.sy\/tr\/?p=107184"},"modified":"2017-03-10T15:26:47","modified_gmt":"2017-03-10T13:26:47","slug":"araclari-karargahlari-ve-ele-baslariyla-tekfircilerin-kayiplari-devam-ediyor","status":"publish","type":"post","link":"https:\/\/archive.sana.sy\/tr\/?p=107184","title":{"rendered":"Ara\u00e7lar\u0131, Karargahlar\u0131 ve Ele Ba\u015flar\u0131yla Tekfircilerin Kay\u0131plar\u0131 Devam Ediyor (video)"},"content":{"rendered":"<p>\u0130LLER \u2013 I\u015e\u0130D ve Nusra Cephesine y\u00f6nelik nitelikli operasyonlar\u0131n\u0131 s\u00fcrd\u00fcren vatan koruyucular\u0131 ordu birliklerimiz; belli ba\u015fl\u0131 d\u0131\u015f g\u00fc\u00e7lerden destek ve komuta alan bu radikal ter\u00f6ristlerin karargahlar\u0131, hareketlenmeleri ve destek hatlar\u0131n\u0131 yo\u011fun ate\u015fe tutmaya devam etti.<\/p>\n<p><span style=\"color: #0000ff\">HAMA:<\/span><\/p>\n<p>Askeri kaynak ordu birliklerimizin; Hama k\u0131rsal\u0131n\u0131n kuzeyinde Erdo\u011fan ve Al Suud rejimlerine tabilikleriyle bilinen Nusra Cephesi ve \u00e7at\u0131s\u0131 alt\u0131ndaki ter\u00f6r \u00f6rg\u00fctlerin Buvayda, At\u015fan, Latamina ve Kfarzeyta b\u00f6lgelerinde karargah ve hareket eksenlerini yo\u011fun ate\u015fe tuttuklar\u0131n\u0131 aktard\u0131.<\/p>\n<p>Operasyonlarda aralar\u0131nda bariz ve tehlikeli isimlerin bulundu\u011fu 11 ter\u00f6ristin \u00f6l\u00fc, \u00e7ok say\u0131da ter\u00f6ristin de yaral\u0131 d\u00fc\u015f\u00fcr\u00fcld\u00fc\u011f\u00fcn\u00fc aktaran kaynak, ayr\u0131ca onlara ait 2 arac\u0131n imha edildi\u011fini s\u00f6yledi.<\/p>\n<p>Kaynak ordu birliklerimizin yine Hama k\u0131rsal\u0131n\u0131n kuzeyi T\u0131ybat el \u0130mam Beldesinde tekfirci ter\u00f6ristlerin karargahlar\u0131n\u0131 hedef almalar\u0131yla burada da bu \u00e7eteleri say\u0131 ve ekipmanlar\u0131yla kay\u0131plara u\u011fratt\u0131klar\u0131n\u0131 ifade etti.<\/p>\n<p><span style=\"color: #0000ff\">\u0130DL\u0130B:<\/span><\/p>\n<p>Bu arada Askeri bir kaynak hava g\u00fc\u00e7lerimizin \u0130dlib k\u0131rsal\u0131n\u0131n g\u00fcneyinde yer alan Saffuhin K\u00f6y\u00fc ve Temania Beldesinde Erdo\u011fan ve Al Suud rejimlerinin destekledikleri Nusra Cephesinin karargahlar\u0131 ve toplanma yerlerini hedef ald\u0131klar\u0131n\u0131 ifade etti. Kaynak operasyonlarda 15\u2019e yak\u0131n ter\u00f6ristin \u00f6l\u00fc yaral\u0131 d\u00fc\u015f\u00fcr\u00fcld\u00fcklerini, 2 arac\u0131n da y\u00fckleriyle birlikte imha edildiklerini aktard\u0131.<\/p>\n<p>Hava g\u00fc\u00e7lerimizin yine \u0130dlib k\u0131rsal\u0131 Han \u015eeyhun Kentinin g\u00fcneyinde Nusra Cephesinin mevkilerini imha ettiklerini belirten kaynak, burada da bir\u00e7ok ter\u00f6ristle birlikte onlara ait 2 arac\u0131n y\u00fckleriyle birlikte imha edildiklerini s\u00f6zlerine ekledi.<\/p>\n<p>G\u00fcn\u00fcn ilerleyen saatlerinde ise askeri kaynak SANA\u2019ya a\u00e7\u0131klamas\u0131nda hava g\u00fc\u00e7lerimizin \u0130dlib k\u0131rsal\u0131n\u0131n Kfar N\u00fcbb\u00fcl B\u00f6lgesindeNusra Cephesine tabi \u00a0muhtelif t\u00fcr silah ve m\u00fchimmat\u0131n yan\u0131 s\u0131ra bomba d\u00fczenekleri ve f\u00fczelerin bulundu\u011fu bir cephane deposuna ilaveten 3 arac\u0131 \u00e7ok say\u0131da ter\u00f6ristle birlikte imha ettiklerini aktard\u0131.<\/p>\n<p><span style=\"color: #0000ff\">\u015eAM KIRSALI:<\/span><\/p>\n<p>Askeri bir kaynak ordu birliklerimizin \u015eam k\u0131rsal\u0131n\u0131n do\u011fusu Haresta B\u00f6lgesinde Nusra Cephesine tabi tekfirci ter\u00f6ristlerin askeri noktalara sald\u0131r\u0131 giri\u015fimlerini \u00e7\u00f6kerterek 300 metreden uzun bir mesafeye uzanan t\u00fcnel \u015febekelerini de imha ettiklerini belirtti.<\/p>\n<p>T\u00fcnel arac\u0131l\u0131\u011f\u0131 ile askeri noktalara girmeye \u00e7al\u0131\u015fan Nusrac\u0131 ter\u00f6ristlerin \u00f6ld\u00fcr\u00fcld\u00fc\u011f\u00fcn\u00fc ifade eden kaynak, yerin alt\u0131nda 34 metreden daha derin kaz\u0131d\u0131klar\u0131 t\u00fcnelin de imha edildi\u011fini aktard\u0131. Kaynak t\u00fcnelin yerin alt\u0131nda gerekli havaland\u0131rma ve ayd\u0131nlatma sistemiyle donat\u0131lm\u0131\u015f olup kollara ayr\u0131ld\u0131\u011f\u0131na dikkat \u00e7ekti. T\u00fcnelde ter\u00f6ristlerin siper ama\u00e7l\u0131 olarak haz\u0131rlad\u0131klar\u0131 odalar\u0131n bulundu\u011funa i\u015faret eden kaynak, ayn\u0131 zamanda askeri noktalar\u0131n alt\u0131nda kaz\u0131d\u0131klar\u0131 ve bomba d\u00fczenekleriyle doldurduklar\u0131 odalar\u0131n bulundu\u011funa da dikkat \u00e7ekti.<\/p>\n<p>Askeri kaynak ordu birliklerimizin daha \u00f6nce de b\u00f6lgede tekfirci ter\u00f6ristlerin askeri mevkilere sald\u0131r\u0131 ama\u00e7l\u0131 olarak kaz\u0131d\u0131klar\u0131 bir\u00e7ok t\u00fcneli imha ettiklerini ve sald\u0131r\u0131lar\u0131n\u0131 \u00e7\u00f6kerttiklerini kaydetti.<\/p>\n<p>https:\/\/www.youtube.com\/watch?v=cTtNv-5Fcj0<\/p>\n","protected":false},"excerpt":{"rendered":"<p>\u0130LLER \u2013 I\u015e\u0130D ve Nusra Cephesine y\u00f6nelik nitelikli operasyonlar\u0131n\u0131 s\u00fcrd\u00fcren vatan koruyucular\u0131 ordu birliklerimiz; belli ba\u015fl\u0131 d\u0131\u015f g\u00fc\u00e7lerden destek ve komuta alan bu radikal ter\u00f6ristlerin karargahlar\u0131, hareketlenmeleri ve destek hatlar\u0131n\u0131 yo\u011fun ate\u015fe tutmaya devam etti. HAMA: Askeri kaynak ordu birliklerimizin; Hama k\u0131rsal\u0131n\u0131n kuzeyinde Erdo\u011fan ve Al Suud rejimlerine tabilikleriyle bilinen Nusra Cephesi ve \u00e7at\u0131s\u0131 alt\u0131ndaki &hellip;<\/p>\n","protected":false},"author":1,"featured_media":107186,"comment_status":"closed","ping_status":"closed","sticky":false,"template":"","format":"standard","meta":{"footnotes":""},"categories":[479,575,17988,478],"tags":[3464,18365,18237,18576,18577,20113,24003,2318,19209,27959,18674,9800,11549,19043,22182,19034],"class_list":["post-107184","post","type-post","status-publish","format-standard","has-post-thumbnail","","category-haberler-yerel","category-olaylar-ve-gercekler","category-son-haberler","category-yerel","tag-nusra-cephesi","tag-ahrar-el-sam","tag-cihatcilar","tag-daes","tag-deas","tag-esad","tag-fetih-el-sam","tag-isid","tag-radikaller","tag-sam-fethi","tag-silahli-muhalifler","tag-suriye-yonetimi","tag-suriye-ordusu","tag-suriyede-son-durum","tag-suriyede-savas","tag-suriyeli-muhalifler"],"_links":{"self":[{"href":"https:\/\/archive.sana.sy\/tr\/index.php?rest_route=\/wp\/v2\/posts\/107184","targetHints":{"allow":["GET"]}}],"collection":[{"href":"https:\/\/archive.sana.sy\/tr\/index.php?rest_route=\/wp\/v2\/posts"}],"about":[{"href":"https:\/\/archive.sana.sy\/tr\/index.php?rest_route=\/wp\/v2\/types\/post"}],"author":[{"embeddable":true,"href":"https:\/\/archive.sana.sy\/tr\/index.php?rest_route=\/wp\/v2\/users\/1"}],"replies":[{"embeddable":true,"href":"https:\/\/archive.sana.sy\/tr\/index.php?rest_route=%2Fwp%2Fv2%2Fcomments&post=107184"}],"version-history":[{"count":0,"href":"https:\/\/archive.sana.sy\/tr\/index.php?rest_route=\/wp\/v2\/posts\/107184\/revisions"}],"wp:featuredmedia":[{"embeddable":true,"href":"https:\/\/archive.sana.sy\/tr\/index.php?rest_route=\/wp\/v2\/media\/107186"}],"wp:attachment":[{"href":"https:\/\/archive.sana.sy\/tr\/index.php?rest_route=%2Fwp%2Fv2%2Fmedia&parent=107184"}],"wp:term":[{"taxonomy":"category","embeddable":true,"href":"https:\/\/archive.sana.sy\/tr\/index.php?rest_route=%2Fwp%2Fv2%2Fcategories&post=107184"},{"taxonomy":"post_tag","embeddable":true,"href":"https:\/\/archive.sana.sy\/tr\/index.php?rest_route=%2Fwp%2Fv2%2Ftags&post=107184"}],"curies":[{"name":"wp","href":"https:\/\/api.w.org\/{rel}","templated":true}]}}