{"id":107188,"date":"2017-03-09T11:30:50","date_gmt":"2017-03-09T09:30:50","guid":{"rendered":"http:\/\/www.sana.sy\/tr\/?p=107188"},"modified":"2017-03-10T16:24:23","modified_gmt":"2017-03-10T14:24:23","slug":"karar-terorle-mucadelenin-etkinlestirilmesini-ongoruyor","status":"publish","type":"post","link":"https:\/\/archive.sana.sy\/tr\/?p=107188","title":{"rendered":"Karar Ter\u00f6rle M\u00fccadelenin Etkinle\u015ftirilmesini \u00d6ng\u00f6r\u00fcyor"},"content":{"rendered":"<p>MOSKOVA \u2013 Rusya D\u0131\u015fi\u015fleri Bakan\u0131 Sergey Lavrov bug\u00fcn Moskova\u2019da Alman Mevkida\u015f\u0131 Sigmar Gabriel Suriye&#8217;deki krizin siyasi \u00e7\u00f6z\u00fcm\u00fcn\u00fc ele alan temaslar\u0131 ard\u0131ndan ortak bas\u0131n toplant\u0131s\u0131 d\u00fczenledi.<\/p>\n<p>Bas\u0131n toplant\u0131s\u0131nda Lavrov; Cenevre ve Astana\u2019da Suriyeliler aras\u0131nda yap\u0131lan dolayl\u0131 g\u00f6r\u00fc\u015fmelerin gayet faydal\u0131 oldu\u011funu ve olumlu sonu\u00e7lar verdi\u011fini belirtti. Lavrov bu sonu\u00e7lar\u0131n Suriye&#8217;de \u00e7at\u0131\u015fmalar\u0131n durdurulmas\u0131 durumunu peki\u015ftirmesinin yan\u0131 s\u0131ra krizin siyasi \u00e7\u00f6z\u00fcm\u00fcnde ilerleme kaydedilmesine katk\u0131 sa\u011flamas\u0131 temennisinde bulundu.<\/p>\n<p>Cenevre s\u00fcrecinin h\u0131zland\u0131r\u0131lmas\u0131 gere\u011fine i\u015faret eden Lavrov; Suriye&#8217;de krizin siyasi \u00e7\u00f6z\u00fcm\u00fcne ili\u015fkin BMGK\u2019nin 2254 say\u0131l\u0131 karar\u0131n\u0131n, ter\u00f6rle m\u00fccadelenin etkinle\u015ftirilmesini \u00f6ng\u00f6rd\u00fc\u011f\u00fcne vurgu yapt\u0131. Lavrov s\u00f6z konusu karar\u0131n I\u015e\u0130D ve Nusra Cephesine kar\u015f\u0131 sava\u015fa katk\u0131 sa\u011flamak amac\u0131yla t\u00fcm taraflarla koordinasyonu peki\u015ftirmeyi de \u00f6ng\u00f6rd\u00fc\u011f\u00fcne dikkat \u00e7ekti.<\/p>\n<p>Bas\u0131n toplant\u0131s\u0131nda Almanya D\u0131\u015fi\u015fleri Bakan\u0131 Gabriel ise; Astana g\u00f6r\u00fc\u015fmelerinin Cenevre g\u00f6r\u00fc\u015fmeleri ve Suriye&#8217;de \u00e7at\u0131\u015fmalar\u0131n durdurulmas\u0131 durumuna \u00f6nemli katk\u0131lar sa\u011flad\u0131\u011f\u0131n\u0131 ifade etti.<\/p>\n","protected":false},"excerpt":{"rendered":"<p>MOSKOVA \u2013 Rusya D\u0131\u015fi\u015fleri Bakan\u0131 Sergey Lavrov bug\u00fcn Moskova\u2019da Alman Mevkida\u015f\u0131 Sigmar Gabriel Suriye&#8217;deki krizin siyasi \u00e7\u00f6z\u00fcm\u00fcn\u00fc ele alan temaslar\u0131 ard\u0131ndan ortak bas\u0131n toplant\u0131s\u0131 d\u00fczenledi. Bas\u0131n toplant\u0131s\u0131nda Lavrov; Cenevre ve Astana\u2019da Suriyeliler aras\u0131nda yap\u0131lan dolayl\u0131 g\u00f6r\u00fc\u015fmelerin gayet faydal\u0131 oldu\u011funu ve olumlu sonu\u00e7lar verdi\u011fini belirtti. Lavrov bu sonu\u00e7lar\u0131n Suriye&#8217;de \u00e7at\u0131\u015fmalar\u0131n durdurulmas\u0131 durumunu peki\u015ftirmesinin yan\u0131 s\u0131ra krizin &hellip;<\/p>\n","protected":false},"author":1,"featured_media":107190,"comment_status":"closed","ping_status":"closed","sticky":false,"template":"","format":"standard","meta":{"footnotes":""},"categories":[458,459,17988],"tags":[26400,18473,19199,3846,28196,10972,18574,4076],"class_list":["post-107188","post","type-post","status-publish","format-standard","has-post-thumbnail","","category-dunya1","category-haberler-arap-uluslararasi-politika","category-son-haberler","tag-astana-gorusmeleri","tag-cenevre-gorusmeleri","tag-disisleri-bakani","tag-sergey-lavrov","tag-sigmar-gabriel","tag-siyasi-cozum","tag-suriye-krizi","tag-terorle-mucadele"],"_links":{"self":[{"href":"https:\/\/archive.sana.sy\/tr\/index.php?rest_route=\/wp\/v2\/posts\/107188","targetHints":{"allow":["GET"]}}],"collection":[{"href":"https:\/\/archive.sana.sy\/tr\/index.php?rest_route=\/wp\/v2\/posts"}],"about":[{"href":"https:\/\/archive.sana.sy\/tr\/index.php?rest_route=\/wp\/v2\/types\/post"}],"author":[{"embeddable":true,"href":"https:\/\/archive.sana.sy\/tr\/index.php?rest_route=\/wp\/v2\/users\/1"}],"replies":[{"embeddable":true,"href":"https:\/\/archive.sana.sy\/tr\/index.php?rest_route=%2Fwp%2Fv2%2Fcomments&post=107188"}],"version-history":[{"count":0,"href":"https:\/\/archive.sana.sy\/tr\/index.php?rest_route=\/wp\/v2\/posts\/107188\/revisions"}],"wp:featuredmedia":[{"embeddable":true,"href":"https:\/\/archive.sana.sy\/tr\/index.php?rest_route=\/wp\/v2\/media\/107190"}],"wp:attachment":[{"href":"https:\/\/archive.sana.sy\/tr\/index.php?rest_route=%2Fwp%2Fv2%2Fmedia&parent=107188"}],"wp:term":[{"taxonomy":"category","embeddable":true,"href":"https:\/\/archive.sana.sy\/tr\/index.php?rest_route=%2Fwp%2Fv2%2Fcategories&post=107188"},{"taxonomy":"post_tag","embeddable":true,"href":"https:\/\/archive.sana.sy\/tr\/index.php?rest_route=%2Fwp%2Fv2%2Ftags&post=107188"}],"curies":[{"name":"wp","href":"https:\/\/api.w.org\/{rel}","templated":true}]}}