{"id":107191,"date":"2017-03-09T13:21:11","date_gmt":"2017-03-09T11:21:11","guid":{"rendered":"http:\/\/www.sana.sy\/tr\/?p=107191"},"modified":"2017-03-10T16:24:20","modified_gmt":"2017-03-10T14:24:20","slug":"meclis-icisleri-bakanliginin-calismalarini-masaya-yatirdi","status":"publish","type":"post","link":"https:\/\/archive.sana.sy\/tr\/?p=107191","title":{"rendered":"Meclis \u0130\u00e7i\u015fleri Bakanl\u0131\u011f\u0131n\u0131n \u00c7al\u0131\u015fmalar\u0131n\u0131 Masaya Yat\u0131rd\u0131"},"content":{"rendered":"<p>\u015eAM \u2013 T\u00fcm bakanl\u0131klar\u0131n \u00e7al\u0131\u015fma ve performanslar\u0131n\u0131 masas\u0131na yat\u0131r\u0131p de\u011ferlendiren ve gerekli ele\u015ftirileri icra eden Halk Meclisi bug\u00fcn ba\u015fkan\u0131 Hediye Abbas ba\u015fkanl\u0131\u011f\u0131nda d\u00fczenledi\u011fi oturumda \u0130\u00e7i\u015fleri Bakanl\u0131\u011f\u0131n\u0131n \u00e7al\u0131\u015fmalar\u0131n\u0131 tart\u0131\u015ft\u0131.<\/p>\n<p>Oturumda milletvekilleri bakanl\u0131\u011f\u0131n \u00e7al\u0131\u015fma ve performans\u0131nda olumlu ve olumsuz noktalara dikkat \u00e7ekerken, \u00f6neri ve d\u00fc\u015f\u00fcncelerini de meclise takdim ettiler.<\/p>\n<p>Milletvekillerinin konu\u015fmalar\u0131 ard\u0131ndan \u0130\u00e7i\u015fleri Bakan\u0131 Muhammed el \u015eear milletvekillerinin sorular\u0131n\u0131 cevaplarken, bakanl\u0131\u011f\u0131n yapt\u0131\u011f\u0131 \u00e7al\u0131\u015fmalar ve planlad\u0131\u011f\u0131 \u00e7al\u0131\u015fmalara ili\u015fkin meclise bir sunum takdim etti.<\/p>\n<p>Bu arada Halk Meclisi bug\u00fcnk\u00fc oturumunda ayr\u0131ca silah ve m\u00fchimmata ili\u015fkin kanunda bir k\u0131s\u0131m de\u011fi\u015fikliklerin yap\u0131lmas\u0131n\u0131 \u00f6ng\u00f6ren kanun tasar\u0131s\u0131n\u0131 tart\u0131\u015ft\u0131. Kanun tasar\u0131s\u0131nda muhtelif t\u00fcr silahlar\u0131n ruhsat ve tamir \u00fccretleri yeniden d\u00fczenlenip artt\u0131r\u0131ld\u0131.<\/p>\n","protected":false},"excerpt":{"rendered":"<p>\u015eAM \u2013 T\u00fcm bakanl\u0131klar\u0131n \u00e7al\u0131\u015fma ve performanslar\u0131n\u0131 masas\u0131na yat\u0131r\u0131p de\u011ferlendiren ve gerekli ele\u015ftirileri icra eden Halk Meclisi bug\u00fcn ba\u015fkan\u0131 Hediye Abbas ba\u015fkanl\u0131\u011f\u0131nda d\u00fczenledi\u011fi oturumda \u0130\u00e7i\u015fleri Bakanl\u0131\u011f\u0131n\u0131n \u00e7al\u0131\u015fmalar\u0131n\u0131 tart\u0131\u015ft\u0131. Oturumda milletvekilleri bakanl\u0131\u011f\u0131n \u00e7al\u0131\u015fma ve performans\u0131nda olumlu ve olumsuz noktalara dikkat \u00e7ekerken, \u00f6neri ve d\u00fc\u015f\u00fcncelerini de meclise takdim ettiler. Milletvekillerinin konu\u015fmalar\u0131 ard\u0131ndan \u0130\u00e7i\u015fleri Bakan\u0131 Muhammed el \u015eear &hellip;<\/p>\n","protected":false},"author":1,"featured_media":91848,"comment_status":"closed","ping_status":"closed","sticky":false,"template":"","format":"standard","meta":{"footnotes":""},"categories":[479,17988,478],"tags":[16838,23765,28197,24013],"class_list":["post-107191","post","type-post","status-publish","format-standard","has-post-thumbnail","","category-haberler-yerel","category-son-haberler","category-yerel","tag-halk-meclisi","tag-hediye-abbas","tag-meclis-toplantisi","tag-suriye-parlamentosu"],"_links":{"self":[{"href":"https:\/\/archive.sana.sy\/tr\/index.php?rest_route=\/wp\/v2\/posts\/107191","targetHints":{"allow":["GET"]}}],"collection":[{"href":"https:\/\/archive.sana.sy\/tr\/index.php?rest_route=\/wp\/v2\/posts"}],"about":[{"href":"https:\/\/archive.sana.sy\/tr\/index.php?rest_route=\/wp\/v2\/types\/post"}],"author":[{"embeddable":true,"href":"https:\/\/archive.sana.sy\/tr\/index.php?rest_route=\/wp\/v2\/users\/1"}],"replies":[{"embeddable":true,"href":"https:\/\/archive.sana.sy\/tr\/index.php?rest_route=%2Fwp%2Fv2%2Fcomments&post=107191"}],"version-history":[{"count":0,"href":"https:\/\/archive.sana.sy\/tr\/index.php?rest_route=\/wp\/v2\/posts\/107191\/revisions"}],"wp:featuredmedia":[{"embeddable":true,"href":"https:\/\/archive.sana.sy\/tr\/index.php?rest_route=\/wp\/v2\/media\/91848"}],"wp:attachment":[{"href":"https:\/\/archive.sana.sy\/tr\/index.php?rest_route=%2Fwp%2Fv2%2Fmedia&parent=107191"}],"wp:term":[{"taxonomy":"category","embeddable":true,"href":"https:\/\/archive.sana.sy\/tr\/index.php?rest_route=%2Fwp%2Fv2%2Fcategories&post=107191"},{"taxonomy":"post_tag","embeddable":true,"href":"https:\/\/archive.sana.sy\/tr\/index.php?rest_route=%2Fwp%2Fv2%2Ftags&post=107191"}],"curies":[{"name":"wp","href":"https:\/\/api.w.org\/{rel}","templated":true}]}}