{"id":107193,"date":"2017-03-09T13:17:15","date_gmt":"2017-03-09T11:17:15","guid":{"rendered":"http:\/\/www.sana.sy\/tr\/?p=107193"},"modified":"2017-03-09T13:27:42","modified_gmt":"2017-03-09T11:27:42","slug":"askeri-kaynak-sanaya-aciklamasinda-hava-guclerimizin-idlib-kirsalinin-kfar-nubbul-bolgesindenusra-cephesine-tabi-muhtelif-tur-silah-ve-muhimmatin-yani-sira-bomba-duzenekleri-ve-fuzelerin-bul","status":"publish","type":"post","link":"https:\/\/archive.sana.sy\/tr\/?p=107193","title":{"rendered":"Askeri kaynak SANA\u2019ya a\u00e7\u0131klamas\u0131nda hava g\u00fc\u00e7lerimizin \u0130dlib k\u0131rsal\u0131n\u0131n Kfar N\u00fcbb\u00fcl B\u00f6lgesindeNusra Cephesine tabi  muhtelif t\u00fcr silah ve m\u00fchimmat\u0131n yan\u0131 s\u0131ra bomba d\u00fczenekleri ve f\u00fczelerin bulundu\u011fu bir cephane deposuna ilaveten 3 arac\u0131 \u00e7ok say\u0131da ter\u00f6ristle birlikte imha ettiklerini aktard\u0131"},"content":{"rendered":"<p>Askeri kaynak SANA\u2019ya a\u00e7\u0131klamas\u0131nda hava g\u00fc\u00e7lerimizin \u0130dlib k\u0131rsal\u0131n\u0131n Kfar N\u00fcbb\u00fcl B\u00f6lgesindeNusra Cephesine tabi \u00a0muhtelif t\u00fcr silah ve m\u00fchimmat\u0131n yan\u0131 s\u0131ra bomba d\u00fczenekleri ve f\u00fczelerin bulundu\u011fu bir cephane deposuna ilaveten 3 arac\u0131 \u00e7ok say\u0131da ter\u00f6ristle birlikte imha ettiklerini aktard\u0131<\/p>\n","protected":false},"excerpt":{"rendered":"<p>Askeri kaynak SANA\u2019ya a\u00e7\u0131klamas\u0131nda hava g\u00fc\u00e7lerimizin \u0130dlib k\u0131rsal\u0131n\u0131n Kfar N\u00fcbb\u00fcl B\u00f6lgesindeNusra Cephesine tabi \u00a0muhtelif t\u00fcr silah ve m\u00fchimmat\u0131n yan\u0131 s\u0131ra bomba d\u00fczenekleri ve f\u00fczelerin bulundu\u011fu bir cephane deposuna ilaveten 3 arac\u0131 \u00e7ok say\u0131da ter\u00f6ristle birlikte imha ettiklerini aktard\u0131<\/p>\n","protected":false},"author":1,"featured_media":0,"comment_status":"closed","ping_status":"closed","sticky":false,"template":"","format":"standard","meta":{"footnotes":""},"categories":[17991],"tags":[],"class_list":["post-107193","post","type-post","status-publish","format-standard","","category-son-dakika"],"_links":{"self":[{"href":"https:\/\/archive.sana.sy\/tr\/index.php?rest_route=\/wp\/v2\/posts\/107193","targetHints":{"allow":["GET"]}}],"collection":[{"href":"https:\/\/archive.sana.sy\/tr\/index.php?rest_route=\/wp\/v2\/posts"}],"about":[{"href":"https:\/\/archive.sana.sy\/tr\/index.php?rest_route=\/wp\/v2\/types\/post"}],"author":[{"embeddable":true,"href":"https:\/\/archive.sana.sy\/tr\/index.php?rest_route=\/wp\/v2\/users\/1"}],"replies":[{"embeddable":true,"href":"https:\/\/archive.sana.sy\/tr\/index.php?rest_route=%2Fwp%2Fv2%2Fcomments&post=107193"}],"version-history":[{"count":0,"href":"https:\/\/archive.sana.sy\/tr\/index.php?rest_route=\/wp\/v2\/posts\/107193\/revisions"}],"wp:attachment":[{"href":"https:\/\/archive.sana.sy\/tr\/index.php?rest_route=%2Fwp%2Fv2%2Fmedia&parent=107193"}],"wp:term":[{"taxonomy":"category","embeddable":true,"href":"https:\/\/archive.sana.sy\/tr\/index.php?rest_route=%2Fwp%2Fv2%2Fcategories&post=107193"},{"taxonomy":"post_tag","embeddable":true,"href":"https:\/\/archive.sana.sy\/tr\/index.php?rest_route=%2Fwp%2Fv2%2Ftags&post=107193"}],"curies":[{"name":"wp","href":"https:\/\/api.w.org\/{rel}","templated":true}]}}