{"id":107220,"date":"2017-03-09T12:30:33","date_gmt":"2017-03-09T10:30:33","guid":{"rendered":"http:\/\/www.sana.sy\/tr\/?p=107220"},"modified":"2017-03-10T16:27:31","modified_gmt":"2017-03-10T14:27:31","slug":"suriyede-duzenlenecek-uluslararasi-sampiyonluklarin-baslangici-olacak","status":"publish","type":"post","link":"https:\/\/archive.sana.sy\/tr\/?p=107220","title":{"rendered":"Suriye&#8217;de D\u00fczenlenecek Uluslararas\u0131 \u015eampiyonluklar\u0131n Ba\u015flang\u0131c\u0131 Olacak"},"content":{"rendered":"<p>\u015eAM \u2013 Uluslararas\u0131 Kick Boks Federasyonu Ba\u015fkan Yard\u0131mc\u0131s\u0131 ve Federasyonun Asya Ba\u015fkan\u0131 Nas\u0131r Nusayri; Suriye sporcular\u0131n\u0131n, \u00f6zellikle Kick Boks olmak \u00fczere bir\u00e7ok dalda ve alanda \u00fcst\u00fcn yetene\u011fini kan\u0131tlad\u0131\u011f\u0131n\u0131 belirtti.<a href=\"http:\/\/www.sana.sy\/tr\/wp-content\/uploads\/2017\/03\/3-23.jpg\"><img loading=\"lazy\" decoding=\"async\" class=\"alignright wp-image-107222 \" src=\"http:\/\/www.sana.sy\/tr\/wp-content\/uploads\/2017\/03\/3-23-300x150.jpg\" alt=\"\" width=\"254\" height=\"127\" srcset=\"https:\/\/archive.sana.sy\/tr\/wp-content\/uploads\/2017\/03\/3-23-300x150.jpg 300w, https:\/\/archive.sana.sy\/tr\/wp-content\/uploads\/2017\/03\/3-23-150x75.jpg 150w, https:\/\/archive.sana.sy\/tr\/wp-content\/uploads\/2017\/03\/3-23.jpg 660w\" sizes=\"auto, (max-width: 254px) 100vw, 254px\" \/><\/a><\/p>\n<p>Spor Genel Federasyonu Ba\u015fkan\u0131 Muvaffak Cuma ise bas\u0131n konferans\u0131nda; 07 Temmuz\u2019da \u015eam\u2019da d\u00fczenlenecek Uluslararas\u0131 Kick Boks \u015eampiyonas\u0131n\u0131n \u2018Suriye Zafer Kazan\u0131yor\u2019 slogan\u0131 alt\u0131nda d\u00fczenlenece\u011fini ve bir spor festivaline d\u00f6n\u00fc\u015ft\u00fcr\u00fclece\u011fini belirtti.<\/p>\n<p>Suriye Kick Boks Birli\u011fi Ba\u015fkan\u0131 Menar el Bizra ise bas\u0131n a\u00e7\u0131klamalar\u0131nda; bu \u015fampiyonlu\u011fun alt\u0131 y\u0131l s\u00fcreden sonra ilk kez Suriye&#8217;de d\u00fczenlenece\u011fine dikkat \u00e7ekti.<a href=\"http:\/\/www.sana.sy\/tr\/wp-content\/uploads\/2017\/03\/1-38.jpg\"><img loading=\"lazy\" decoding=\"async\" class=\"alignright wp-image-107223 \" src=\"http:\/\/www.sana.sy\/tr\/wp-content\/uploads\/2017\/03\/1-38-300x168.jpg\" alt=\"\" width=\"251\" height=\"141\" srcset=\"https:\/\/archive.sana.sy\/tr\/wp-content\/uploads\/2017\/03\/1-38-300x168.jpg 300w, https:\/\/archive.sana.sy\/tr\/wp-content\/uploads\/2017\/03\/1-38-150x84.jpg 150w, https:\/\/archive.sana.sy\/tr\/wp-content\/uploads\/2017\/03\/1-38.jpg 660w\" sizes=\"auto, (max-width: 251px) 100vw, 251px\" \/><\/a><\/p>\n<p><span style=\"line-height: 1.5\">Spor genel Federasyonu binas\u0131nda bug\u00fcn bas\u0131n toplant\u0131s\u0131 d\u00fczenleyen Nusayri; Asya Federasyonunun, Uluslararas\u0131 Kck Boks \u015eampiyonas\u0131n\u0131n 07 Temmuz tarihinde Suriye&#8217;de d\u00fczenlenmesini onaylad\u0131\u011f\u0131n\u0131 ve destekledi\u011fini belirtti. Nusayri bu \u015fampiyonlu\u011fun, Suriye&#8217;de daha ba\u015fka uluslar aras\u0131 \u015fampiyonluklar\u0131n d\u00fczenlenmesinin ba\u015flang\u0131c\u0131 olaca\u011f\u0131n\u0131 ifade etti.\u00a0<\/span><\/p>\n","protected":false},"excerpt":{"rendered":"<p>\u015eAM \u2013 Uluslararas\u0131 Kick Boks Federasyonu Ba\u015fkan Yard\u0131mc\u0131s\u0131 ve Federasyonun Asya Ba\u015fkan\u0131 Nas\u0131r Nusayri; Suriye sporcular\u0131n\u0131n, \u00f6zellikle Kick Boks olmak \u00fczere bir\u00e7ok dalda ve alanda \u00fcst\u00fcn yetene\u011fini kan\u0131tlad\u0131\u011f\u0131n\u0131 belirtti. Spor Genel Federasyonu Ba\u015fkan\u0131 Muvaffak Cuma ise bas\u0131n konferans\u0131nda; 07 Temmuz\u2019da \u015eam\u2019da d\u00fczenlenecek Uluslararas\u0131 Kick Boks \u015eampiyonas\u0131n\u0131n \u2018Suriye Zafer Kazan\u0131yor\u2019 slogan\u0131 alt\u0131nda d\u00fczenlenece\u011fini ve bir spor &hellip;<\/p>\n","protected":false},"author":1,"featured_media":107221,"comment_status":"closed","ping_status":"closed","sticky":false,"template":"","format":"standard","meta":{"footnotes":""},"categories":[498,17988,496,497],"tags":[28206,28205,28204,28203,16591,19043,26131,28207],"class_list":["post-107220","post","type-post","status-publish","format-standard","has-post-thumbnail","","category-dunya-turnuvalari","category-son-haberler","category-spor","category-yerel-turnuvalar","tag-asya-federasyonu","tag-kick-boks","tag-muvaffak-cuma","tag-spor-federasyonu","tag-suriye","tag-suriyede-son-durum","tag-suriyede-spor","tag-suriyede-uluslararasi-sampiyona"],"_links":{"self":[{"href":"https:\/\/archive.sana.sy\/tr\/index.php?rest_route=\/wp\/v2\/posts\/107220","targetHints":{"allow":["GET"]}}],"collection":[{"href":"https:\/\/archive.sana.sy\/tr\/index.php?rest_route=\/wp\/v2\/posts"}],"about":[{"href":"https:\/\/archive.sana.sy\/tr\/index.php?rest_route=\/wp\/v2\/types\/post"}],"author":[{"embeddable":true,"href":"https:\/\/archive.sana.sy\/tr\/index.php?rest_route=\/wp\/v2\/users\/1"}],"replies":[{"embeddable":true,"href":"https:\/\/archive.sana.sy\/tr\/index.php?rest_route=%2Fwp%2Fv2%2Fcomments&post=107220"}],"version-history":[{"count":0,"href":"https:\/\/archive.sana.sy\/tr\/index.php?rest_route=\/wp\/v2\/posts\/107220\/revisions"}],"wp:featuredmedia":[{"embeddable":true,"href":"https:\/\/archive.sana.sy\/tr\/index.php?rest_route=\/wp\/v2\/media\/107221"}],"wp:attachment":[{"href":"https:\/\/archive.sana.sy\/tr\/index.php?rest_route=%2Fwp%2Fv2%2Fmedia&parent=107220"}],"wp:term":[{"taxonomy":"category","embeddable":true,"href":"https:\/\/archive.sana.sy\/tr\/index.php?rest_route=%2Fwp%2Fv2%2Fcategories&post=107220"},{"taxonomy":"post_tag","embeddable":true,"href":"https:\/\/archive.sana.sy\/tr\/index.php?rest_route=%2Fwp%2Fv2%2Ftags&post=107220"}],"curies":[{"name":"wp","href":"https:\/\/api.w.org\/{rel}","templated":true}]}}