{"id":107239,"date":"2017-03-10T11:30:32","date_gmt":"2017-03-10T09:30:32","guid":{"rendered":"http:\/\/www.sana.sy\/tr\/?p=107239"},"modified":"2017-03-11T15:26:26","modified_gmt":"2017-03-11T13:26:26","slug":"suriyeli-tenisciler-birinci-oldu","status":"publish","type":"post","link":"https:\/\/archive.sana.sy\/tr\/?p=107239","title":{"rendered":"Suriyeli Tenis\u00e7iler Birinci Oldu"},"content":{"rendered":"<p>DOHA \u2013 Asya Olimpiyatlar\u0131 Birli\u011fi kapsam\u0131nda Katar\u2019da d\u00fczenlenmekte olan 14 Ya\u015f Alt\u0131 Tenis \u015eampiyonlu\u011funa kat\u0131lan Suriyeli Teym el Azama ve Avs Ebuhassun \u00e7ift tenis yar\u0131\u015fmalar\u0131nda birincili\u011fi kazand\u0131lar.<\/p>\n<p>Azama ve Ebuhassun final ma\u00e7lar\u0131nda Katarl\u0131 Ra\u015fid Nevvaf ve \u0130brahim Slayti\u2019yi 3-1 yenerek \u015fampiyon oldular.<\/p>\n","protected":false},"excerpt":{"rendered":"<p>DOHA \u2013 Asya Olimpiyatlar\u0131 Birli\u011fi kapsam\u0131nda Katar\u2019da d\u00fczenlenmekte olan 14 Ya\u015f Alt\u0131 Tenis \u015eampiyonlu\u011funa kat\u0131lan Suriyeli Teym el Azama ve Avs Ebuhassun \u00e7ift tenis yar\u0131\u015fmalar\u0131nda birincili\u011fi kazand\u0131lar. Azama ve Ebuhassun final ma\u00e7lar\u0131nda Katarl\u0131 Ra\u015fid Nevvaf ve \u0130brahim Slayti\u2019yi 3-1 yenerek \u015fampiyon oldular.<\/p>\n","protected":false},"author":1,"featured_media":107251,"comment_status":"closed","ping_status":"closed","sticky":false,"template":"","format":"standard","meta":{"footnotes":""},"categories":[458,498,459,17988,496],"tags":[28222],"class_list":["post-107239","post","type-post","status-publish","format-standard","has-post-thumbnail","","category-dunya1","category-dunya-turnuvalari","category-haberler-arap-uluslararasi-politika","category-son-haberler","category-spor","tag-suriyeli-tenisciler-birinci-oldu"],"_links":{"self":[{"href":"https:\/\/archive.sana.sy\/tr\/index.php?rest_route=\/wp\/v2\/posts\/107239","targetHints":{"allow":["GET"]}}],"collection":[{"href":"https:\/\/archive.sana.sy\/tr\/index.php?rest_route=\/wp\/v2\/posts"}],"about":[{"href":"https:\/\/archive.sana.sy\/tr\/index.php?rest_route=\/wp\/v2\/types\/post"}],"author":[{"embeddable":true,"href":"https:\/\/archive.sana.sy\/tr\/index.php?rest_route=\/wp\/v2\/users\/1"}],"replies":[{"embeddable":true,"href":"https:\/\/archive.sana.sy\/tr\/index.php?rest_route=%2Fwp%2Fv2%2Fcomments&post=107239"}],"version-history":[{"count":0,"href":"https:\/\/archive.sana.sy\/tr\/index.php?rest_route=\/wp\/v2\/posts\/107239\/revisions"}],"wp:featuredmedia":[{"embeddable":true,"href":"https:\/\/archive.sana.sy\/tr\/index.php?rest_route=\/wp\/v2\/media\/107251"}],"wp:attachment":[{"href":"https:\/\/archive.sana.sy\/tr\/index.php?rest_route=%2Fwp%2Fv2%2Fmedia&parent=107239"}],"wp:term":[{"taxonomy":"category","embeddable":true,"href":"https:\/\/archive.sana.sy\/tr\/index.php?rest_route=%2Fwp%2Fv2%2Fcategories&post=107239"},{"taxonomy":"post_tag","embeddable":true,"href":"https:\/\/archive.sana.sy\/tr\/index.php?rest_route=%2Fwp%2Fv2%2Ftags&post=107239"}],"curies":[{"name":"wp","href":"https:\/\/api.w.org\/{rel}","templated":true}]}}