{"id":107243,"date":"2017-03-10T12:00:04","date_gmt":"2017-03-10T10:00:04","guid":{"rendered":"http:\/\/www.sana.sy\/tr\/?p=107243"},"modified":"2017-03-11T15:26:23","modified_gmt":"2017-03-11T13:26:23","slug":"uluslararasi-sirketlerin-katilacagi-fuar-eslik-edecek","status":"publish","type":"post","link":"https:\/\/archive.sana.sy\/tr\/?p=107243","title":{"rendered":"Uluslararas\u0131 \u015eirketlerin Kat\u0131laca\u011f\u0131 Fuar E\u015flik Edecek"},"content":{"rendered":"<p>\u015eAM \u2013 Eczac\u0131lar Sendikas\u0131 \u015eam \u0130l \u015eubesi 14 ila 16 Mart tarihleri aras\u0131nda Sa\u011fl\u0131k Bakanl\u0131\u011f\u0131n\u0131n g\u00f6zetimi alt\u0131nda \u015eam Eczac\u0131l\u0131k Bilim G\u00fcnleri Organize ediyor.<\/p>\n<p>\u015eam\u2019daki Dama Rose Otelinde organize edilecek bilimsel konferansta eczac\u0131l\u0131k bilimlerinin muhtelif eksenlerine \u0131\u015f\u0131k tutan faaliyetlerin yan\u0131 s\u0131ra bu bilim dal\u0131nda \u00fcst\u00fcn ba\u015far\u0131lara sahip bilimsel ara\u015ft\u0131rmalar sunulacak.<\/p>\n<p>Konferansa e\u015f zamanl\u0131 olarak yerel ve uluslar aras\u0131 ila\u00e7 \u015firketlerinin \u00f6nde gelenlerinden 30 \u015firketin kat\u0131l\u0131m\u0131yla DamFad 3 Fuar\u0131 d\u00fczenlenecek.<\/p>\n","protected":false},"excerpt":{"rendered":"<p>\u015eAM \u2013 Eczac\u0131lar Sendikas\u0131 \u015eam \u0130l \u015eubesi 14 ila 16 Mart tarihleri aras\u0131nda Sa\u011fl\u0131k Bakanl\u0131\u011f\u0131n\u0131n g\u00f6zetimi alt\u0131nda \u015eam Eczac\u0131l\u0131k Bilim G\u00fcnleri Organize ediyor. \u015eam\u2019daki Dama Rose Otelinde organize edilecek bilimsel konferansta eczac\u0131l\u0131k bilimlerinin muhtelif eksenlerine \u0131\u015f\u0131k tutan faaliyetlerin yan\u0131 s\u0131ra bu bilim dal\u0131nda \u00fcst\u00fcn ba\u015far\u0131lara sahip bilimsel ara\u015ft\u0131rmalar sunulacak. Konferansa e\u015f zamanl\u0131 olarak yerel ve &hellip;<\/p>\n","protected":false},"author":1,"featured_media":107247,"comment_status":"closed","ping_status":"closed","sticky":false,"template":"","format":"standard","meta":{"footnotes":""},"categories":[479,17988,478],"tags":[28218,28217],"class_list":["post-107243","post","type-post","status-publish","format-standard","has-post-thumbnail","","category-haberler-yerel","category-son-haberler","category-yerel","tag-sam-eczacilar-sendikasi-sam-il-subesi-14-ila-16-mart-tarihleri-arasinda-saglik-bakanliginin-gozetimi-altinda-sam-eczacilik-bilim-gunleri-organize-ediyor","tag-uluslararasi-sirketlerin-katilacagi-fuar-eslik-edecek"],"_links":{"self":[{"href":"https:\/\/archive.sana.sy\/tr\/index.php?rest_route=\/wp\/v2\/posts\/107243","targetHints":{"allow":["GET"]}}],"collection":[{"href":"https:\/\/archive.sana.sy\/tr\/index.php?rest_route=\/wp\/v2\/posts"}],"about":[{"href":"https:\/\/archive.sana.sy\/tr\/index.php?rest_route=\/wp\/v2\/types\/post"}],"author":[{"embeddable":true,"href":"https:\/\/archive.sana.sy\/tr\/index.php?rest_route=\/wp\/v2\/users\/1"}],"replies":[{"embeddable":true,"href":"https:\/\/archive.sana.sy\/tr\/index.php?rest_route=%2Fwp%2Fv2%2Fcomments&post=107243"}],"version-history":[{"count":0,"href":"https:\/\/archive.sana.sy\/tr\/index.php?rest_route=\/wp\/v2\/posts\/107243\/revisions"}],"wp:featuredmedia":[{"embeddable":true,"href":"https:\/\/archive.sana.sy\/tr\/index.php?rest_route=\/wp\/v2\/media\/107247"}],"wp:attachment":[{"href":"https:\/\/archive.sana.sy\/tr\/index.php?rest_route=%2Fwp%2Fv2%2Fmedia&parent=107243"}],"wp:term":[{"taxonomy":"category","embeddable":true,"href":"https:\/\/archive.sana.sy\/tr\/index.php?rest_route=%2Fwp%2Fv2%2Fcategories&post=107243"},{"taxonomy":"post_tag","embeddable":true,"href":"https:\/\/archive.sana.sy\/tr\/index.php?rest_route=%2Fwp%2Fv2%2Ftags&post=107243"}],"curies":[{"name":"wp","href":"https:\/\/api.w.org\/{rel}","templated":true}]}}