{"id":10729,"date":"2014-09-22T11:30:24","date_gmt":"2014-09-22T08:30:24","guid":{"rendered":"http:\/\/www.sana.sy\/tr\/?p=10729"},"modified":"2014-09-22T11:57:18","modified_gmt":"2014-09-22T08:57:18","slug":"ordu-operasyonlarinda-cok-sayida-terorist-olduruldu","status":"publish","type":"post","link":"https:\/\/archive.sana.sy\/tr\/?p=10729","title":{"rendered":"Ordu Operasyonlar\u0131nda \u00c7ok Say\u0131da Ter\u00f6rist \u00d6ld\u00fcr\u00fcld\u00fc"},"content":{"rendered":"<p>\u0130LLER \u2013 Kahraman ordu birliklerimizin kiral\u0131k ter\u00f6rist ve ter\u00f6rle m\u00fccadeledeki operasyonlar\u0131n\u0131 t\u00fcm h\u0131z\u0131yla s\u00fcrd\u00fcrerek hain ve kiral\u0131k ter\u00f6ristlerin a\u011f\u0131r kay\u0131plar\u0131 devam ediyor. Ordu birliklerinin \u00f6zellikle k\u0131rsallarda olmak \u00fczere ilerlemeleri de s\u00fcr\u00fcyor.<\/p>\n<p><span style=\"color: #0000ff\">\u015eam K\u0131rsal\u0131nda Karargah ve Yuvalar\u0131na Y\u00f6nelik Operasyonlar Devam Ediyor<\/span><\/p>\n<p>Askeri kaynak ordu birliklerimizin \u015eam k\u0131rsal\u0131n\u0131n Adra Kentine ilaveten Tel Savvan, Ayn Terma ve Derhabiye b\u00f6lgelerinde ter\u00f6ristlerin k\u00fcmelenme yerleri ve karargahlar\u0131na y\u00f6nelik operasyonlar\u0131n\u0131 s\u00fcrd\u00fcrd\u00fcklerini belirtti. Kaynak operasyonlarda y\u00fcksek say\u0131da ter\u00f6ristin \u00f6l\u00fc yaral\u0131 d\u00fc\u015f\u00fcr\u00fcld\u00fcklerini, ara\u00e7 ve cephaneliklerinin de imha edildi\u011fini ekledi.<\/p>\n<p>Adra cephesinden kareler<\/p>\n<div style=\"width: 618px;\" class=\"wp-video\"><!--[if lt IE 9]><script>document.createElement('video');<\/script><![endif]-->\n<video class=\"wp-video-shortcode\" id=\"video-10729-1\" width=\"618\" height=\"348\" preload=\"metadata\" controls=\"controls\"><source type=\"video\/x-flv\" src=\"http:\/\/www.sana.sy\/tr\/wp-content\/uploads\/2014\/09\/Adra1.flv?_=1\" \/><a href=\"http:\/\/www.sana.sy\/tr\/wp-content\/uploads\/2014\/09\/Adra1.flv\">http:\/\/www.sana.sy\/tr\/wp-content\/uploads\/2014\/09\/Adra1.flv<\/a><\/video><\/div>\n<p><span style=\"color: #0000ff\">\u0130dlib K\u0131rsal\u0131nda Yabanc\u0131 Ter\u00f6ristler \u00d6ld\u00fcr\u00fcld\u00fc<\/span><\/p>\n<p>Askeri kaynak ordu birliklerimizin \u0130dlib k\u0131rsal\u0131n\u0131n Kefar \u015elaya, Kefar Lata, Kefar Roma, \u015eeflah, Assaf Vadisi, Tel Selmo ve Hmeydiye b\u00f6lgelerine ek olarak Ebu el Zuhur civar\u0131nda ter\u00f6ristlerin yuva ve karargahlar\u0131na y\u00f6nelik operasyonlar\u0131n\u0131 s\u00fcrd\u00fcrd\u00fc\u011f\u00fcn\u00fc belirtti.<\/p>\n<p>Kaynak operasyonlarda aralar\u0131nda yabanc\u0131lar\u0131n bulundu\u011fu onlarca ter\u00f6ristin ekipmanlar\u0131 ve ara\u00e7lar\u0131yla birlikte etkisiz hale getirildiklerini s\u00f6yledi.<\/p>\n<p><span style=\"color: #0000ff\">Homs K\u0131rsal\u0131nda Ter\u00f6ristlerin H\u00fccre ve Toplanma Merkezleri Hedef Al\u0131nd\u0131<\/span><\/p>\n<p>Askeri kaynak, ordu birliklerimizin\u00a0 Homs k\u0131rsal\u0131 Telbise, Ayn H\u00fcseyin ve Ho\u015f Hacco\u2019da ter\u00f6ristlerin toplanma merkezleri ve h\u00fccrelerini hedef almalar\u0131 sonucunda \u00e7ok say\u0131da ter\u00f6risti \u00f6l\u00fc ve yaral\u0131 d\u00fc\u015f\u00fcrd\u00fcklerini, Tel el Senabil\u2019in g\u00fcneyinde de su\u00e7 eylemlerinde kulland\u0131klar\u0131 bir dozeri de imha ettiklerini s\u00f6yledi.<\/p>\n<p>Yine Homs k\u0131rsal\u0131nda ordu birliklerimizin el Cezl petrol kuyusunun kuzeyinde I\u015e\u0130D ter\u00f6ristlerine ait yuva ve ara\u00e7lar\u0131 bombalad\u0131\u011f\u0131, el \u015eaer do\u011falgaz platformunun kuzeyinde i\u00e7erisindeki ter\u00f6ristlerle beraber ara\u00e7lar\u0131 yok etti\u011fi bildirildi.<\/p>\n<p><span style=\"color: #0000ff\">Kunaytra K\u0131rsal\u0131nda Ara\u00e7lar\u0131 \u0130mha Edildi<\/span><\/p>\n<p>Vatan koruyucular\u0131 ordu birliklerimiz Kunaytra k\u0131rsal\u0131n\u0131n Nebii el Sahr b\u00f6lgesinde ter\u00f6ristlerin k\u00fcmelenme yerlerini hedef al\u0131rken \u00e7ok say\u0131da ter\u00f6risti \u00f6l\u00fc yaral\u0131 d\u00fc\u015f\u00fcr\u00fcp, bir k\u0131sm\u0131 a\u011f\u0131r makineli silahlarla donat\u0131lm\u0131\u015f bir\u00e7ok ara\u00e7lar\u0131n\u0131 da imha etti.<\/p>\n<p><span style=\"color: #0000ff\">Dera K\u0131rsal\u0131nda Yolculara M\u00fcdahale Etmeye \u00c7al\u0131\u015fan Ter\u00f6rist \u00c7ete Yok Edildi<\/span><\/p>\n<p>Askeri bir kaynak, ordu birliklerimizin Dera\u2019n\u0131n kuzey do\u011fu k\u0131rsal\u0131nda Karfa k\u00f6y\u00fcnde bir yolcu otob\u00fcs\u00fcne sald\u0131rmaya \u00e7al\u0131\u015fan bir ter\u00f6rist \u00e7etenin b\u00fct\u00fcn \u00fcyelerini imha etti\u011fini, \u00e7eteye ba\u011fl\u0131 bir m\u00fchimmat arabas\u0131na el koydu\u011funu bildirdi.<\/p>\n<p>Kaynak ordu birliklerimizin Dera k\u0131rsal\u0131 Bat\u0131 Gariye ve Hurbat el Gazali \u00e7evresinde ter\u00f6ristlerin toplanma merkezlerini hedef almalar\u0131 sonucunda \u00e7ok say\u0131da ter\u00f6risti \u00f6l\u00fc ve yaral\u0131 d\u00fc\u015f\u00fcrd\u00fcklerini ellerinde bulunan a\u011f\u0131r taramal\u0131 silahla donan\u0131ml\u0131 bir ara\u00e7lar\u0131n\u0131 da imha ettiklerini s\u00f6yledi.<\/p>\n<p>Kaynak, ordu ve silahl\u0131 kuvvetlerimize tabi birliklerimizin Dera k\u0131rsal\u0131 Baraj yolu ile Dera Beled Lucat B\u00f6lgesinde Casem Nemir Beldesi ile Bayat K\u00f6y\u00fc ekseninde i\u00e7indeki ter\u00f6ristlerle birlikte bir ka\u00e7 ara\u00e7lar\u0131n\u0131, Tafas ve Ataman Beldeleri aras\u0131nda bir ter\u00f6ristin kulland\u0131\u011f\u0131 motosikleti etkisiz hale getirdiklerini, Dera k\u0131rsal\u0131 Deyr el Ades ve Tel A\u015ftare\u2019de \u00e7ok say\u0131da ter\u00f6risti \u00f6ld\u00fcrd\u00fcklerini su\u00e7 edatlar\u0131n\u0131 da imha ettiklerini s\u00f6yledi.<\/p>\n<p>Dera k\u0131rsal\u0131n\u0131n Deyr el Ades, Enhil ve Sayda b\u00f6lgelerinde ter\u00f6ristlerin k\u00fcmelenme yerlerini hedef alan ordu birliklerimiz \u00e7ok say\u0131da ter\u00f6risti ekipmanlar\u0131yla birlikte etkisiz hale getirdi.<\/p>\n<p><span style=\"color: #0000ff\">Deyrezzor ve K\u0131rsal\u0131nda Ter\u00f6ristlerle Birlikte Ara\u00e7lar\u0131 Etkisiz Hale Getirildi<\/span><\/p>\n<p>Kaynak, ordu birliklerimizin Deyrezzor kenti Huveyka, el Urdi, Sanayi ve Cubeyle Semtlerinde Irak ve \u015eam \u0130slam Devleti adl\u0131 ter\u00f6r \u00f6rg\u00fct\u00fc elemanlar\u0131ndan \u00e7ok say\u0131da ter\u00f6risti \u00f6l\u00fc ve yaral\u0131 d\u00fc\u015f\u00fcrd\u00fcklerini ellerindeki silah ve cephaneyi de imha ettiklerini s\u00f6yledi.<\/p>\n<p>Bir Valilik kayna\u011f\u0131 ise, Deyrezzor do\u011fu k\u0131rsal\u0131 el Buleyl K\u00f6y\u00fcnde \u00f6rg\u00fcte tabi ter\u00f6r h\u00fccrelerini vurarak \u00e7ok say\u0131da ter\u00f6risti \u00f6ld\u00fcrd\u00fcklerini ara\u00e7 ve silahlar\u0131n\u0131 da imha ettiklerini a\u00e7\u0131klad\u0131.<\/p>\n<p>Kaynak ordu birliklerimizin Deyrezzor\u2019da Siyasiye K\u00f6pr\u00fcs\u00fc civar\u0131nda ter\u00f6ristlerin bir toplulu\u011funu hedef almas\u0131 sonucunda \u00e7ok say\u0131da ter\u00f6ristin \u00f6l\u00fc ve yaral\u0131 olarak d\u00fc\u015ft\u00fc\u011f\u00fcn\u00fc belirtti.<\/p>\n<p><span style=\"color: #0000ff\">Hama&#8217;da \u0130ki Top\u00e7u \u0130mha Edildi<\/span><\/p>\n<p>Askeri bir kaynak, ordu birliklerimizin Hama k\u0131rsal\u0131nda Kefrzeyta ve \u00e7evresi, Latamina, Morek, Kleyb el S\u00f6r, Kat\u015fayya ve Ikerbat\u2019ta d\u00fczenledi\u011fi operasyonlarda \u00e7ok say\u0131da \u201cNusra Cephesi\u201d ter\u00f6ristini \u00f6ld\u00fcrd\u00fc\u011f\u00fcn\u00fc, arabalara y\u00fcklenmi\u015f iki top\u00e7uyu ve bir s\u00fcr\u00fc arac\u0131 imha etti\u011fini bildirdi.<\/p>\n","protected":false},"excerpt":{"rendered":"<p>\u0130LLER \u2013 Kahraman ordu birliklerimizin kiral\u0131k ter\u00f6rist ve ter\u00f6rle m\u00fccadeledeki operasyonlar\u0131n\u0131 t\u00fcm h\u0131z\u0131yla s\u00fcrd\u00fcrerek hain ve kiral\u0131k ter\u00f6ristlerin a\u011f\u0131r kay\u0131plar\u0131 devam ediyor. Ordu birliklerinin \u00f6zellikle k\u0131rsallarda olmak \u00fczere ilerlemeleri de s\u00fcr\u00fcyor. \u015eam K\u0131rsal\u0131nda Karargah ve Yuvalar\u0131na Y\u00f6nelik Operasyonlar Devam Ediyor Askeri kaynak ordu birliklerimizin \u015eam k\u0131rsal\u0131n\u0131n Adra Kentine ilaveten Tel Savvan, Ayn Terma ve Derhabiye &hellip;<\/p>\n","protected":false},"author":1,"featured_media":10734,"comment_status":"closed","ping_status":"closed","sticky":false,"template":"","format":"standard","meta":{"footnotes":""},"categories":[575],"tags":[2524],"class_list":["post-10729","post","type-post","status-publish","format-standard","has-post-thumbnail","","category-olaylar-ve-gercekler","tag-ordu-operasyonlarinda-cok-sayida-terorist-olduruldu"],"_links":{"self":[{"href":"https:\/\/archive.sana.sy\/tr\/index.php?rest_route=\/wp\/v2\/posts\/10729","targetHints":{"allow":["GET"]}}],"collection":[{"href":"https:\/\/archive.sana.sy\/tr\/index.php?rest_route=\/wp\/v2\/posts"}],"about":[{"href":"https:\/\/archive.sana.sy\/tr\/index.php?rest_route=\/wp\/v2\/types\/post"}],"author":[{"embeddable":true,"href":"https:\/\/archive.sana.sy\/tr\/index.php?rest_route=\/wp\/v2\/users\/1"}],"replies":[{"embeddable":true,"href":"https:\/\/archive.sana.sy\/tr\/index.php?rest_route=%2Fwp%2Fv2%2Fcomments&post=10729"}],"version-history":[{"count":0,"href":"https:\/\/archive.sana.sy\/tr\/index.php?rest_route=\/wp\/v2\/posts\/10729\/revisions"}],"wp:featuredmedia":[{"embeddable":true,"href":"https:\/\/archive.sana.sy\/tr\/index.php?rest_route=\/wp\/v2\/media\/10734"}],"wp:attachment":[{"href":"https:\/\/archive.sana.sy\/tr\/index.php?rest_route=%2Fwp%2Fv2%2Fmedia&parent=10729"}],"wp:term":[{"taxonomy":"category","embeddable":true,"href":"https:\/\/archive.sana.sy\/tr\/index.php?rest_route=%2Fwp%2Fv2%2Fcategories&post=10729"},{"taxonomy":"post_tag","embeddable":true,"href":"https:\/\/archive.sana.sy\/tr\/index.php?rest_route=%2Fwp%2Fv2%2Ftags&post=10729"}],"curies":[{"name":"wp","href":"https:\/\/api.w.org\/{rel}","templated":true}]}}