{"id":107392,"date":"2017-03-11T13:22:55","date_gmt":"2017-03-11T11:22:55","guid":{"rendered":"http:\/\/www.sana.sy\/tr\/?p=107392"},"modified":"2017-03-11T13:32:02","modified_gmt":"2017-03-11T11:32:02","slug":"sam-emniyet-mudurlugunde-bir-kaynak-sanaya-aciklamasinda-samin-bab-el-sagir-mezarligi-yakinlarinda-meydana-gelen-bombali-teror-eylemlerinde-33-kisinin-sehit-100den-fazla-k","status":"publish","type":"post","link":"https:\/\/archive.sana.sy\/tr\/?p=107392","title":{"rendered":"\u015eam Emniyet M\u00fcd\u00fcrl\u00fc\u011f\u00fcnde bir kaynak SANA\u2019ya a\u00e7\u0131klamas\u0131nda; \u015eam\u2019\u0131n Bab el Sa\u011fir Mezarl\u0131\u011f\u0131 yak\u0131nlar\u0131nda meydana gelen bombal\u0131 ter\u00f6r eylemlerinde 33 ki\u015finin \u015fehit, 100\u2019den fazla ki\u015finin de yaral\u0131 d\u00fc\u015ft\u00fcklerini aktard\u0131"},"content":{"rendered":"<p>\u015eam Emniyet M\u00fcd\u00fcrl\u00fc\u011f\u00fcnde bir kaynak SANA\u2019ya a\u00e7\u0131klamas\u0131nda; \u015eam\u2019\u0131n Bab el Sa\u011fir Mezarl\u0131\u011f\u0131 yak\u0131nlar\u0131nda meydana gelen bombal\u0131 ter\u00f6r eylemlerinde 33 ki\u015finin \u015fehit, 100\u2019den fazla ki\u015finin de yaral\u0131 d\u00fc\u015ft\u00fcklerini aktard\u0131<\/p>\n","protected":false},"excerpt":{"rendered":"<p>\u015eam Emniyet M\u00fcd\u00fcrl\u00fc\u011f\u00fcnde bir kaynak SANA\u2019ya a\u00e7\u0131klamas\u0131nda; \u015eam\u2019\u0131n Bab el Sa\u011fir Mezarl\u0131\u011f\u0131 yak\u0131nlar\u0131nda meydana gelen bombal\u0131 ter\u00f6r eylemlerinde 33 ki\u015finin \u015fehit, 100\u2019den fazla ki\u015finin de yaral\u0131 d\u00fc\u015ft\u00fcklerini aktard\u0131<\/p>\n","protected":false},"author":1,"featured_media":0,"comment_status":"closed","ping_status":"closed","sticky":false,"template":"","format":"standard","meta":{"footnotes":""},"categories":[17991],"tags":[],"class_list":["post-107392","post","type-post","status-publish","format-standard","","category-son-dakika"],"_links":{"self":[{"href":"https:\/\/archive.sana.sy\/tr\/index.php?rest_route=\/wp\/v2\/posts\/107392","targetHints":{"allow":["GET"]}}],"collection":[{"href":"https:\/\/archive.sana.sy\/tr\/index.php?rest_route=\/wp\/v2\/posts"}],"about":[{"href":"https:\/\/archive.sana.sy\/tr\/index.php?rest_route=\/wp\/v2\/types\/post"}],"author":[{"embeddable":true,"href":"https:\/\/archive.sana.sy\/tr\/index.php?rest_route=\/wp\/v2\/users\/1"}],"replies":[{"embeddable":true,"href":"https:\/\/archive.sana.sy\/tr\/index.php?rest_route=%2Fwp%2Fv2%2Fcomments&post=107392"}],"version-history":[{"count":0,"href":"https:\/\/archive.sana.sy\/tr\/index.php?rest_route=\/wp\/v2\/posts\/107392\/revisions"}],"wp:attachment":[{"href":"https:\/\/archive.sana.sy\/tr\/index.php?rest_route=%2Fwp%2Fv2%2Fmedia&parent=107392"}],"wp:term":[{"taxonomy":"category","embeddable":true,"href":"https:\/\/archive.sana.sy\/tr\/index.php?rest_route=%2Fwp%2Fv2%2Fcategories&post=107392"},{"taxonomy":"post_tag","embeddable":true,"href":"https:\/\/archive.sana.sy\/tr\/index.php?rest_route=%2Fwp%2Fv2%2Ftags&post=107392"}],"curies":[{"name":"wp","href":"https:\/\/api.w.org\/{rel}","templated":true}]}}