{"id":107412,"date":"2017-03-11T15:18:32","date_gmt":"2017-03-11T13:18:32","guid":{"rendered":"http:\/\/www.sana.sy\/tr\/?p=107412"},"modified":"2017-03-11T15:18:32","modified_gmt":"2017-03-11T13:18:32","slug":"samin-bab-musalla-bolgesinde-meydana-gelen-2-bombali-teror-eyleminde-onlarca-kisi-sehit-ve-yarali-dustu","status":"publish","type":"post","link":"https:\/\/archive.sana.sy\/tr\/?p=107412","title":{"rendered":"\u015eam\u2019\u0131n Bab Musalla B\u00f6lgesinde meydana gelen 2 bombal\u0131 ter\u00f6r eyleminde onlarca ki\u015fi \u015fehit ve yaral\u0131 d\u00fc\u015ft\u00fc"},"content":{"rendered":"<p>\u015eam\u2019\u0131n Bab Musalla B\u00f6lgesinde meydana gelen 2 bombal\u0131 ter\u00f6r eyleminde onlarca ki\u015fi \u015fehit ve yaral\u0131 d\u00fc\u015ft\u00fc<\/p>\n<p>https:\/\/www.youtube.com\/watch?v=Tsxj6RPXTKY<\/p>\n","protected":false},"excerpt":{"rendered":"<p>\u015eam\u2019\u0131n Bab Musalla B\u00f6lgesinde meydana gelen 2 bombal\u0131 ter\u00f6r eyleminde onlarca ki\u015fi \u015fehit ve yaral\u0131 d\u00fc\u015ft\u00fc https:\/\/www.youtube.com\/watch?v=Tsxj6RPXTKY<\/p>\n","protected":false},"author":1,"featured_media":107413,"comment_status":"closed","ping_status":"closed","sticky":false,"template":"","format":"standard","meta":{"footnotes":""},"categories":[18295],"tags":[],"class_list":["post-107412","post","type-post","status-publish","format-standard","has-post-thumbnail","","category-sana-video"],"_links":{"self":[{"href":"https:\/\/archive.sana.sy\/tr\/index.php?rest_route=\/wp\/v2\/posts\/107412","targetHints":{"allow":["GET"]}}],"collection":[{"href":"https:\/\/archive.sana.sy\/tr\/index.php?rest_route=\/wp\/v2\/posts"}],"about":[{"href":"https:\/\/archive.sana.sy\/tr\/index.php?rest_route=\/wp\/v2\/types\/post"}],"author":[{"embeddable":true,"href":"https:\/\/archive.sana.sy\/tr\/index.php?rest_route=\/wp\/v2\/users\/1"}],"replies":[{"embeddable":true,"href":"https:\/\/archive.sana.sy\/tr\/index.php?rest_route=%2Fwp%2Fv2%2Fcomments&post=107412"}],"version-history":[{"count":0,"href":"https:\/\/archive.sana.sy\/tr\/index.php?rest_route=\/wp\/v2\/posts\/107412\/revisions"}],"wp:featuredmedia":[{"embeddable":true,"href":"https:\/\/archive.sana.sy\/tr\/index.php?rest_route=\/wp\/v2\/media\/107413"}],"wp:attachment":[{"href":"https:\/\/archive.sana.sy\/tr\/index.php?rest_route=%2Fwp%2Fv2%2Fmedia&parent=107412"}],"wp:term":[{"taxonomy":"category","embeddable":true,"href":"https:\/\/archive.sana.sy\/tr\/index.php?rest_route=%2Fwp%2Fv2%2Fcategories&post=107412"},{"taxonomy":"post_tag","embeddable":true,"href":"https:\/\/archive.sana.sy\/tr\/index.php?rest_route=%2Fwp%2Fv2%2Ftags&post=107412"}],"curies":[{"name":"wp","href":"https:\/\/api.w.org\/{rel}","templated":true}]}}