{"id":107417,"date":"2017-03-11T12:45:23","date_gmt":"2017-03-11T10:45:23","guid":{"rendered":"http:\/\/www.sana.sy\/tr\/?p=107417"},"modified":"2017-03-12T12:26:12","modified_gmt":"2017-03-12T10:26:12","slug":"erdogan-rejimine-hicbir-sey-kazandirmayacak","status":"publish","type":"post","link":"https:\/\/archive.sana.sy\/tr\/?p=107417","title":{"rendered":"Erdo\u011fan Rejimine Hi\u00e7bir \u015eey Kazand\u0131rmayacak"},"content":{"rendered":"<p>TAHRAN \u2013 \u0130ran D\u0131\u015fi\u015fleri Bakan M\u00fcste\u015far\u0131 H\u00fcseyin \u015eeyh\u00fclislam; T\u00fcrkiye ve Suudi Arabistan rejimlerinin ter\u00f6r \u00f6rg\u00fctleri kucaklay\u0131p onlara muhtelif t\u00fcr destek sa\u011flamalar\u0131n\u0131n, kendilerine hi\u00e7bir kazan\u0131m sa\u011flamayaca\u011f\u0131n\u0131 belirtti.<\/p>\n<p>\u0130ranl\u0131 bakan m\u00fcste\u015far\u0131 bug\u00fcn yapt\u0131\u011f\u0131 bas\u0131n a\u00e7\u0131klamalar\u0131nda; Erdo\u011fan ve Al Suud rejimlerini, ba\u015fkalar\u0131na as\u0131ls\u0131z iftiralarda bulunmalar\u0131 yerine b\u00f6lgede izledikleri yanl\u0131\u015f politika ve davran\u0131\u015flar\u0131 d\u00fczeltmeleri gerekti\u011fini vurgulad\u0131.<\/p>\n<p>\u015eeyh\u00fclislam Erdo\u011fan ve Al Suud rejimlerini ele\u015ftirirken; bu iki rejimin b\u00f6lgede g\u00fcvenlik ve istikrar\u0131 sabote ettiklerini, ABD ve Siyonizm&#8217;in pe\u015finde s\u00fcr\u00fcklendiklerini kaydetti.<\/p>\n<p>\u0130ran\u2019\u0131n, Suriye&#8217;de krizin siyasi yollarla \u00e7\u00f6z\u00fcm\u00fcn\u00fc ama\u00e7layan Astana g\u00f6r\u00fc\u015fmelerine deste\u011fini bir kez daha ifade eden \u015eeyh\u00fclislam; bu g\u00f6r\u00fc\u015fmelerde sa\u011flanan en \u00f6nemli ba\u015far\u0131n\u0131n, Suriye&#8217;de \u00e7at\u0131\u015fmalar\u0131n durdurulmas\u0131 oldu\u011funu ifade etti.<\/p>\n","protected":false},"excerpt":{"rendered":"<p>TAHRAN \u2013 \u0130ran D\u0131\u015fi\u015fleri Bakan M\u00fcste\u015far\u0131 H\u00fcseyin \u015eeyh\u00fclislam; T\u00fcrkiye ve Suudi Arabistan rejimlerinin ter\u00f6r \u00f6rg\u00fctleri kucaklay\u0131p onlara muhtelif t\u00fcr destek sa\u011flamalar\u0131n\u0131n, kendilerine hi\u00e7bir kazan\u0131m sa\u011flamayaca\u011f\u0131n\u0131 belirtti. \u0130ranl\u0131 bakan m\u00fcste\u015far\u0131 bug\u00fcn yapt\u0131\u011f\u0131 bas\u0131n a\u00e7\u0131klamalar\u0131nda; Erdo\u011fan ve Al Suud rejimlerini, ba\u015fkalar\u0131na as\u0131ls\u0131z iftiralarda bulunmalar\u0131 yerine b\u00f6lgede izledikleri yanl\u0131\u015f politika ve davran\u0131\u015flar\u0131 d\u00fczeltmeleri gerekti\u011fini vurgulad\u0131. \u015eeyh\u00fclislam Erdo\u011fan ve &hellip;<\/p>\n","protected":false},"author":1,"featured_media":107419,"comment_status":"closed","ping_status":"closed","sticky":false,"template":"","format":"standard","meta":{"footnotes":""},"categories":[458,459,17988],"tags":[28253,28255,28254],"class_list":["post-107417","post","type-post","status-publish","format-standard","has-post-thumbnail","","category-dunya1","category-haberler-arap-uluslararasi-politika","category-son-haberler","tag-erdogan-rejimine-hicbir-sey-kazandirmayacak","tag-kendilerine-hicbir-kazanim-saglamayacagini-belirtti","tag-tahran-iran-disisleri-bakan-mustesari-huseyin-seyhulislam-turkiye-ve-suudi-arabistan-rejimlerinin-teror-orgutleri-kucaklayip-onlara-muhtelif-tur-destek-saglamalarinin"],"_links":{"self":[{"href":"https:\/\/archive.sana.sy\/tr\/index.php?rest_route=\/wp\/v2\/posts\/107417","targetHints":{"allow":["GET"]}}],"collection":[{"href":"https:\/\/archive.sana.sy\/tr\/index.php?rest_route=\/wp\/v2\/posts"}],"about":[{"href":"https:\/\/archive.sana.sy\/tr\/index.php?rest_route=\/wp\/v2\/types\/post"}],"author":[{"embeddable":true,"href":"https:\/\/archive.sana.sy\/tr\/index.php?rest_route=\/wp\/v2\/users\/1"}],"replies":[{"embeddable":true,"href":"https:\/\/archive.sana.sy\/tr\/index.php?rest_route=%2Fwp%2Fv2%2Fcomments&post=107417"}],"version-history":[{"count":0,"href":"https:\/\/archive.sana.sy\/tr\/index.php?rest_route=\/wp\/v2\/posts\/107417\/revisions"}],"wp:featuredmedia":[{"embeddable":true,"href":"https:\/\/archive.sana.sy\/tr\/index.php?rest_route=\/wp\/v2\/media\/107419"}],"wp:attachment":[{"href":"https:\/\/archive.sana.sy\/tr\/index.php?rest_route=%2Fwp%2Fv2%2Fmedia&parent=107417"}],"wp:term":[{"taxonomy":"category","embeddable":true,"href":"https:\/\/archive.sana.sy\/tr\/index.php?rest_route=%2Fwp%2Fv2%2Fcategories&post=107417"},{"taxonomy":"post_tag","embeddable":true,"href":"https:\/\/archive.sana.sy\/tr\/index.php?rest_route=%2Fwp%2Fv2%2Ftags&post=107417"}],"curies":[{"name":"wp","href":"https:\/\/api.w.org\/{rel}","templated":true}]}}