{"id":107421,"date":"2017-03-11T15:54:37","date_gmt":"2017-03-11T13:54:37","guid":{"rendered":"http:\/\/www.sana.sy\/tr\/?p=107421"},"modified":"2017-03-12T12:25:02","modified_gmt":"2017-03-12T10:25:02","slug":"uluslararasi-kargo-sirketlerinin-sorunlari-masaya-yatirildi","status":"publish","type":"post","link":"https:\/\/archive.sana.sy\/tr\/?p=107421","title":{"rendered":"Uluslararas\u0131 Kargo \u015eirketlerinin Sorunlar\u0131 Masaya Yat\u0131r\u0131ld\u0131"},"content":{"rendered":"<p>\u015eAM \u2013 Uluslararas\u0131 Birlik ve \u00d6rg\u00fctler \u0130\u015flerinden Sorumlu Devlet Bakan\u0131 Selva Abdullah bug\u00fcn Uluslararas\u0131 Kargo ve Nakliye \u015eirketleri Birli\u011fi Ba\u015fkan\u0131 Muhammed Salih Ki\u015for ve birli\u011fin y\u00f6netim kurulu \u00fcyeleri ile birli\u011fin \u00e7al\u0131\u015fmalar\u0131n\u0131 geli\u015ftirme ve bu \u00e7al\u0131\u015fmalarda kar\u015f\u0131la\u015f\u0131lan zorluklar\u0131 ortadan kald\u0131rma olanaklar\u0131n\u0131 inceledi.<\/p>\n<p>G\u00f6r\u00fc\u015fmede Bakan Abdullah; Suriye&#8217;ye y\u00f6nelik y\u00fcr\u00fct\u00fclen muhtelif y\u00f6nl\u00fc sava\u015fla birlikte uygulanan yapt\u0131r\u0131mlar g\u00f6lgesinde Suriye halk\u0131n\u0131n m\u00fccadelesini g\u00fc\u00e7lendirecek her \u00e7aban\u0131n h\u00fck\u00fcmet taraf\u0131ndan ilgiyle desteklendi\u011fine dikkat \u00e7ekti. Birli\u011fin kar\u015f\u0131la\u015ft\u0131\u011f\u0131 zorluklar\u0131n a\u015f\u0131lmas\u0131nda i\u015fbirli\u011fi ve ortak \u00e7abalar\u0131 peki\u015ftirme \u00e7a\u011fr\u0131s\u0131nda bulunan Abdullah, bu ba\u011flamda etkin bir mekanizman\u0131n haz\u0131rlanmas\u0131 davetinde bulundu.<\/p>\n<p>Birlik Ba\u015fkan\u0131 Ki\u015for mevcut t\u00fcm zorluklara ve ko\u015fullara ra\u011fmen birli\u011fin \u00e7al\u0131\u015fmalar\u0131n\u0131 s\u00fcrd\u00fcrme ama\u00e7l\u0131 yo\u011fun \u00e7abalar\u0131na dikkat \u00e7ekerken, bu ba\u011flamda Ula\u015ft\u0131rma Bakanl\u0131\u011f\u0131 ile ortak \u00e7al\u0131\u015fmalara i\u015faret etti. Ki\u015for sava\u015f ve yapt\u0131r\u0131mlar\u0131n dayatt\u0131klar\u0131 zorluklar\u0131 a\u015fma amac\u0131yla uluslar aras\u0131 \u015firketlerle de bir dizi \u00e7al\u0131\u015fman\u0131n yap\u0131ld\u0131\u011f\u0131n\u0131 kaydetti.<\/p>\n","protected":false},"excerpt":{"rendered":"<p>\u015eAM \u2013 Uluslararas\u0131 Birlik ve \u00d6rg\u00fctler \u0130\u015flerinden Sorumlu Devlet Bakan\u0131 Selva Abdullah bug\u00fcn Uluslararas\u0131 Kargo ve Nakliye \u015eirketleri Birli\u011fi Ba\u015fkan\u0131 Muhammed Salih Ki\u015for ve birli\u011fin y\u00f6netim kurulu \u00fcyeleri ile birli\u011fin \u00e7al\u0131\u015fmalar\u0131n\u0131 geli\u015ftirme ve bu \u00e7al\u0131\u015fmalarda kar\u015f\u0131la\u015f\u0131lan zorluklar\u0131 ortadan kald\u0131rma olanaklar\u0131n\u0131 inceledi. G\u00f6r\u00fc\u015fmede Bakan Abdullah; Suriye&#8217;ye y\u00f6nelik y\u00fcr\u00fct\u00fclen muhtelif y\u00f6nl\u00fc sava\u015fla birlikte uygulanan yapt\u0131r\u0131mlar g\u00f6lgesinde Suriye &hellip;<\/p>\n","protected":false},"author":1,"featured_media":107422,"comment_status":"closed","ping_status":"closed","sticky":false,"template":"","format":"standard","meta":{"footnotes":""},"categories":[479,17988,478],"tags":[28256],"class_list":["post-107421","post","type-post","status-publish","format-standard","has-post-thumbnail","","category-haberler-yerel","category-son-haberler","category-yerel","tag-uluslararasi-kargo-sirketlerinin-sorunlari-masaya-yatirildi"],"_links":{"self":[{"href":"https:\/\/archive.sana.sy\/tr\/index.php?rest_route=\/wp\/v2\/posts\/107421","targetHints":{"allow":["GET"]}}],"collection":[{"href":"https:\/\/archive.sana.sy\/tr\/index.php?rest_route=\/wp\/v2\/posts"}],"about":[{"href":"https:\/\/archive.sana.sy\/tr\/index.php?rest_route=\/wp\/v2\/types\/post"}],"author":[{"embeddable":true,"href":"https:\/\/archive.sana.sy\/tr\/index.php?rest_route=\/wp\/v2\/users\/1"}],"replies":[{"embeddable":true,"href":"https:\/\/archive.sana.sy\/tr\/index.php?rest_route=%2Fwp%2Fv2%2Fcomments&post=107421"}],"version-history":[{"count":0,"href":"https:\/\/archive.sana.sy\/tr\/index.php?rest_route=\/wp\/v2\/posts\/107421\/revisions"}],"wp:featuredmedia":[{"embeddable":true,"href":"https:\/\/archive.sana.sy\/tr\/index.php?rest_route=\/wp\/v2\/media\/107422"}],"wp:attachment":[{"href":"https:\/\/archive.sana.sy\/tr\/index.php?rest_route=%2Fwp%2Fv2%2Fmedia&parent=107421"}],"wp:term":[{"taxonomy":"category","embeddable":true,"href":"https:\/\/archive.sana.sy\/tr\/index.php?rest_route=%2Fwp%2Fv2%2Fcategories&post=107421"},{"taxonomy":"post_tag","embeddable":true,"href":"https:\/\/archive.sana.sy\/tr\/index.php?rest_route=%2Fwp%2Fv2%2Ftags&post=107421"}],"curies":[{"name":"wp","href":"https:\/\/api.w.org\/{rel}","templated":true}]}}