{"id":107424,"date":"2017-03-11T12:55:34","date_gmt":"2017-03-11T10:55:34","guid":{"rendered":"http:\/\/www.sana.sy\/tr\/?p=107424"},"modified":"2017-03-12T12:25:18","modified_gmt":"2017-03-12T10:25:18","slug":"arap-ulkeleri-arasinda-temel-bir-devlet-olarak-kalacak","status":"publish","type":"post","link":"https:\/\/archive.sana.sy\/tr\/?p=107424","title":{"rendered":"Arap \u00dclkeleri Aras\u0131nda Temel Bir Devlet Olarak Kalacak"},"content":{"rendered":"<p>KAH\u0130RE \u2013 M\u0131s\u0131r D\u0131\u015fi\u015fleri Bakan\u0131 Samih \u015e\u00fckr\u00fc, Suriye&#8217;nin siyasi \u00e7\u00f6z\u00fcm\u00fcn e\u015fi\u011finde oldu\u011funu ve t\u00fcm devletlerin askeri \u00e7\u00f6z\u00fcmden uzakla\u015ft\u0131\u011f\u0131n\u0131 s\u00f6yledi.<\/p>\n<p>M\u0131s\u0131r\u2019\u0131n Vatan Gazetesi ile r\u00f6portaj\u0131nda \u015e\u00fckr\u00fc; Suriye&#8217;nin Arap Birli\u011fine geri d\u00f6n\u00fc\u015f\u00fcn\u00fcn \u015fu an acilen olmasa da, mutlaka olaca\u011f\u0131n\u0131 ifade etti. Irak D\u0131\u015fi\u015fleri Bakan\u0131 \u0130brahim el Caferi\u2019nin bu meseleyi Arap d\u0131\u015fi\u015fleri bakanlar\u0131 toplant\u0131s\u0131 s\u0131ras\u0131nda \u00f6ne koydu\u011funa dikkat \u00e7eken \u015e\u00fckr\u00fc; ortak Arap dayan\u0131\u015fmas\u0131n\u0131n peki\u015ftirilmesi ve mevcut herhangi bir anla\u015fmazl\u0131\u011f\u0131n yok edilmesi gerekti\u011fini s\u00f6yledi.<\/p>\n<p>M\u0131s\u0131r\u2019\u0131n mevcut s\u00fcre\u00e7 i\u00e7inde Suriye&#8217;de siyasi \u00e7\u00f6z\u00fcme odakland\u0131\u011f\u0131n\u0131 ifade eden M\u0131s\u0131r D\u0131\u015fi\u015fleri Bakan\u0131; Suriye&#8217;nin her daim Arap \u00fclkeleri aras\u0131nda temel bir devlet olarak kalaca\u011f\u0131n\u0131n alt\u0131n\u0131 \u00e7izdi.<\/p>\n","protected":false},"excerpt":{"rendered":"<p>KAH\u0130RE \u2013 M\u0131s\u0131r D\u0131\u015fi\u015fleri Bakan\u0131 Samih \u015e\u00fckr\u00fc, Suriye&#8217;nin siyasi \u00e7\u00f6z\u00fcm\u00fcn e\u015fi\u011finde oldu\u011funu ve t\u00fcm devletlerin askeri \u00e7\u00f6z\u00fcmden uzakla\u015ft\u0131\u011f\u0131n\u0131 s\u00f6yledi. M\u0131s\u0131r\u2019\u0131n Vatan Gazetesi ile r\u00f6portaj\u0131nda \u015e\u00fckr\u00fc; Suriye&#8217;nin Arap Birli\u011fine geri d\u00f6n\u00fc\u015f\u00fcn\u00fcn \u015fu an acilen olmasa da, mutlaka olaca\u011f\u0131n\u0131 ifade etti. Irak D\u0131\u015fi\u015fleri Bakan\u0131 \u0130brahim el Caferi\u2019nin bu meseleyi Arap d\u0131\u015fi\u015fleri bakanlar\u0131 toplant\u0131s\u0131 s\u0131ras\u0131nda \u00f6ne koydu\u011funa dikkat &hellip;<\/p>\n","protected":false},"author":1,"featured_media":107436,"comment_status":"closed","ping_status":"closed","sticky":false,"template":"","format":"standard","meta":{"footnotes":""},"categories":[458,459,17988],"tags":[28257,28258,28259],"class_list":["post-107424","post","type-post","status-publish","format-standard","has-post-thumbnail","","category-dunya1","category-haberler-arap-uluslararasi-politika","category-son-haberler","tag-arap-ulkeleri-arasinda-temel-bir-devlet-olarak-kalacak","tag-kahire-misir-disisleri-bakani-samih-sukru","tag-suriyenin-siyasi-cozumun-esiginde-oldugunu-ve-tum-devletlerin-askeri-cozumden-uzaklastigini-soyledi"],"_links":{"self":[{"href":"https:\/\/archive.sana.sy\/tr\/index.php?rest_route=\/wp\/v2\/posts\/107424","targetHints":{"allow":["GET"]}}],"collection":[{"href":"https:\/\/archive.sana.sy\/tr\/index.php?rest_route=\/wp\/v2\/posts"}],"about":[{"href":"https:\/\/archive.sana.sy\/tr\/index.php?rest_route=\/wp\/v2\/types\/post"}],"author":[{"embeddable":true,"href":"https:\/\/archive.sana.sy\/tr\/index.php?rest_route=\/wp\/v2\/users\/1"}],"replies":[{"embeddable":true,"href":"https:\/\/archive.sana.sy\/tr\/index.php?rest_route=%2Fwp%2Fv2%2Fcomments&post=107424"}],"version-history":[{"count":0,"href":"https:\/\/archive.sana.sy\/tr\/index.php?rest_route=\/wp\/v2\/posts\/107424\/revisions"}],"wp:featuredmedia":[{"embeddable":true,"href":"https:\/\/archive.sana.sy\/tr\/index.php?rest_route=\/wp\/v2\/media\/107436"}],"wp:attachment":[{"href":"https:\/\/archive.sana.sy\/tr\/index.php?rest_route=%2Fwp%2Fv2%2Fmedia&parent=107424"}],"wp:term":[{"taxonomy":"category","embeddable":true,"href":"https:\/\/archive.sana.sy\/tr\/index.php?rest_route=%2Fwp%2Fv2%2Fcategories&post=107424"},{"taxonomy":"post_tag","embeddable":true,"href":"https:\/\/archive.sana.sy\/tr\/index.php?rest_route=%2Fwp%2Fv2%2Ftags&post=107424"}],"curies":[{"name":"wp","href":"https:\/\/api.w.org\/{rel}","templated":true}]}}