{"id":107445,"date":"2017-03-12T09:00:57","date_gmt":"2017-03-12T07:00:57","guid":{"rendered":"http:\/\/www.sana.sy\/tr\/?p=107445"},"modified":"2017-03-13T09:45:36","modified_gmt":"2017-03-13T07:45:36","slug":"abbas-dunya-barisini-destekleyen-parlamentolar-arasindaki-isbirligi-ve-koordinasyon-onemlidir-video","status":"publish","type":"post","link":"https:\/\/archive.sana.sy\/tr\/?p=107445","title":{"rendered":"Halk Meclisi Ba\u015fkan\u0131 Avrupa Birli\u011fi Parlamentosundan Bir Heyetle G\u00f6r\u00fc\u015ft\u00fc"},"content":{"rendered":"<p>\u015eAM \u2013 Halk Meclisi Ba\u015fkan\u0131 Hediye Abbas, d\u00fcn Avrupa Parlamentosunda D\u0131\u015f \u0130li\u015fkiler Komisyonu Ba\u015fkan\u0131 Javier Couso Ba\u015fkanl\u0131\u011f\u0131ndaki Avrupa Parlamento Heyeti ile bir araya gelerek d\u00fcnya bar\u0131\u015f\u0131n\u0131 destekleyen parlamentolar aras\u0131ndaki i\u015fbirli\u011fi ve koordinasyonun devam etmesinin \u00f6nemine dikkat \u00e7ekti.<\/p>\n<p>Abbas; Avrupa Parlamentosu ve Avrupal\u0131 uzmanlar\u0131n Avrupa politikalar\u0131n\u0131 Suriye&#8217;de ya\u015fanmakta olan ter\u00f6r olaylar\u0131na y\u00f6nlendirmeyi ve daha \u00f6ncesinde ter\u00f6r\u00fcn yay\u0131lmas\u0131na sebep olan politikalar\u0131 yeniden g\u00f6zden ge\u00e7irece\u011fi konusundaki g\u00fcveni dile getirdi.<\/p>\n<p>Avrupal\u0131 h\u00fck\u00fcmetlerin kendi halklar\u0131n\u0131 koruma konusunda ciddi oldu\u011funu kan\u0131tlamak i\u00e7in \u00f6ncelikle Suriye ve ter\u00f6rle m\u00fccadele ile ilgili yanl\u0131\u015f politikalar\u0131n\u0131 g\u00f6zden ge\u00e7irmesi gere\u011finin alt\u0131n\u0131 \u00e7izen Abbas; I\u015e\u0130D ve Nusra Cephesi ter\u00f6r \u00f6rg\u00fctleri saflar\u0131nda silah ta\u015f\u0131yan ter\u00f6ristlerin b\u00fcy\u00fck \u00e7o\u011funlu\u011funun Avrupal\u0131 oldu\u011funu ve bu durumun Avrupa halklar\u0131 i\u00e7in ciddi bir tehlike te\u015fkil etti\u011fini belirtti.<\/p>\n<p>Avrupa Parlamento Heyeti Ba\u015fkan\u0131 Causo ise heyet \u00fcyeleriyle birlikte, Avrupa parlamentosu ile Suriye Halk Meclisi aras\u0131ndaki ili\u015fkilerin ba\u015flamas\u0131 i\u00e7in b\u00fcy\u00fck bir \u00e7aba harcad\u0131\u011f\u0131n\u0131 ifade ederek bu \u00e7abalar\u0131 b\u00fcy\u00fck bir ciddiyetle s\u00fcrd\u00fcreceklerini beyan etti.<\/p>\n<p>Causo; Heyet \u00fcyelerini ve Avrupa Parlamentosunda temsil ettikleri siyasi partileri kapsayan ve Suriye&#8217;de Bar\u0131\u015f\u0131n Sa\u011flanmas\u0131n\u0131 destekleme ama\u00e7l\u0131 bir cemiyet kurduklar\u0131n\u0131 a\u00e7\u0131klad\u0131.<\/p>\n<p>Suriye Arap Ordusunun, Tedmur, Homs K\u0131rsal\u0131ndaki Do\u011falgaz Rezervleri b\u00f6lgeleri ve \u015eam K\u0131rsal\u0131nda Ayn Fici b\u00f6lgesinde ter\u00f6re kar\u015f\u0131 kazand\u0131klar\u0131 zaferleri kutlayan Couso; bu b\u00f6lgelerin ter\u00f6rden kurtar\u0131lmas\u0131n\u0131n Suriye halk\u0131n\u0131n ac\u0131lar\u0131n\u0131 hafifletmede \u00f6nemli bir rol\u00fc bulundu\u011funu ekledi.<\/p>\n<p>https:\/\/www.youtube.com\/watch?v=jgUXL6MP9yw<\/p>\n","protected":false},"excerpt":{"rendered":"<p>\u015eAM \u2013 Halk Meclisi Ba\u015fkan\u0131 Hediye Abbas, d\u00fcn Avrupa Parlamentosunda D\u0131\u015f \u0130li\u015fkiler Komisyonu Ba\u015fkan\u0131 Javier Couso Ba\u015fkanl\u0131\u011f\u0131ndaki Avrupa Parlamento Heyeti ile bir araya gelerek d\u00fcnya bar\u0131\u015f\u0131n\u0131 destekleyen parlamentolar aras\u0131ndaki i\u015fbirli\u011fi ve koordinasyonun devam etmesinin \u00f6nemine dikkat \u00e7ekti. Abbas; Avrupa Parlamentosu ve Avrupal\u0131 uzmanlar\u0131n Avrupa politikalar\u0131n\u0131 Suriye&#8217;de ya\u015fanmakta olan ter\u00f6r olaylar\u0131na y\u00f6nlendirmeyi ve daha \u00f6ncesinde ter\u00f6r\u00fcn &hellip;<\/p>\n","protected":false},"author":1,"featured_media":107449,"comment_status":"closed","ping_status":"closed","sticky":false,"template":"","format":"standard","meta":{"footnotes":""},"categories":[479,17988,478],"tags":[28261,27396],"class_list":["post-107445","post","type-post","status-publish","format-standard","has-post-thumbnail","","category-haberler-yerel","category-son-haberler","category-yerel","tag-abbas-dunya-barisini-destekleyen-parlamentolar-arasindaki-isbirligi-ve-koordinasyon-onemlidir","tag-sam-halk-meclisi-baskani-hediye-abbas"],"_links":{"self":[{"href":"https:\/\/archive.sana.sy\/tr\/index.php?rest_route=\/wp\/v2\/posts\/107445","targetHints":{"allow":["GET"]}}],"collection":[{"href":"https:\/\/archive.sana.sy\/tr\/index.php?rest_route=\/wp\/v2\/posts"}],"about":[{"href":"https:\/\/archive.sana.sy\/tr\/index.php?rest_route=\/wp\/v2\/types\/post"}],"author":[{"embeddable":true,"href":"https:\/\/archive.sana.sy\/tr\/index.php?rest_route=\/wp\/v2\/users\/1"}],"replies":[{"embeddable":true,"href":"https:\/\/archive.sana.sy\/tr\/index.php?rest_route=%2Fwp%2Fv2%2Fcomments&post=107445"}],"version-history":[{"count":0,"href":"https:\/\/archive.sana.sy\/tr\/index.php?rest_route=\/wp\/v2\/posts\/107445\/revisions"}],"wp:featuredmedia":[{"embeddable":true,"href":"https:\/\/archive.sana.sy\/tr\/index.php?rest_route=\/wp\/v2\/media\/107449"}],"wp:attachment":[{"href":"https:\/\/archive.sana.sy\/tr\/index.php?rest_route=%2Fwp%2Fv2%2Fmedia&parent=107445"}],"wp:term":[{"taxonomy":"category","embeddable":true,"href":"https:\/\/archive.sana.sy\/tr\/index.php?rest_route=%2Fwp%2Fv2%2Fcategories&post=107445"},{"taxonomy":"post_tag","embeddable":true,"href":"https:\/\/archive.sana.sy\/tr\/index.php?rest_route=%2Fwp%2Fv2%2Ftags&post=107445"}],"curies":[{"name":"wp","href":"https:\/\/api.w.org\/{rel}","templated":true}]}}