{"id":107467,"date":"2017-03-12T08:40:53","date_gmt":"2017-03-12T06:40:53","guid":{"rendered":"http:\/\/www.sana.sy\/tr\/?p=107467"},"modified":"2017-03-12T12:45:32","modified_gmt":"2017-03-12T10:45:32","slug":"deyrezzorda-tekfirci-teror-orgutu-iside-karsi-devam-eden-askeri-operasyonlar-konusunda-askeri-bir-kaynak-ordu-birliklerimizin-deyrezzor-kentinin-guney-kenarlari-makabir-bolgesinde-i","status":"publish","type":"post","link":"https:\/\/archive.sana.sy\/tr\/?p=107467","title":{"rendered":"Deyrezzor\u2019da tekfirci ter\u00f6r \u00f6rg\u00fct\u00fc I\u015e\u0130D\u2019e kar\u015f\u0131 devam eden askeri operasyonlar konusunda askeri bir kaynak; ordu birliklerimizin Deyrezzor Kentinin g\u00fcney kenarlar\u0131 Makabir B\u00f6lgesinde I\u015e\u0130D\u2019in bir arac\u0131n\u0131 ta\u015f\u0131d\u0131\u011f\u0131 ter\u00f6rist ve cephaneyle birlikte imha ettiklerini aktard\u0131"},"content":{"rendered":"<p>Deyrezzor\u2019da tekfirci ter\u00f6r \u00f6rg\u00fct\u00fc I\u015e\u0130D\u2019e kar\u015f\u0131 devam eden askeri operasyonlar konusunda askeri bir kaynak; ordu birliklerimizin Deyrezzor Kentinin g\u00fcney kenarlar\u0131 Makabir B\u00f6lgesinde I\u015e\u0130D\u2019in bir arac\u0131n\u0131 ta\u015f\u0131d\u0131\u011f\u0131 ter\u00f6rist ve cephaneyle birlikte imha ettiklerini aktard\u0131<\/p>\n","protected":false},"excerpt":{"rendered":"<p>Deyrezzor\u2019da tekfirci ter\u00f6r \u00f6rg\u00fct\u00fc I\u015e\u0130D\u2019e kar\u015f\u0131 devam eden askeri operasyonlar konusunda askeri bir kaynak; ordu birliklerimizin Deyrezzor Kentinin g\u00fcney kenarlar\u0131 Makabir B\u00f6lgesinde I\u015e\u0130D\u2019in bir arac\u0131n\u0131 ta\u015f\u0131d\u0131\u011f\u0131 ter\u00f6rist ve cephaneyle birlikte imha ettiklerini aktard\u0131<\/p>\n","protected":false},"author":1,"featured_media":0,"comment_status":"closed","ping_status":"closed","sticky":false,"template":"","format":"standard","meta":{"footnotes":""},"categories":[17991],"tags":[],"class_list":["post-107467","post","type-post","status-publish","format-standard","","category-son-dakika"],"_links":{"self":[{"href":"https:\/\/archive.sana.sy\/tr\/index.php?rest_route=\/wp\/v2\/posts\/107467","targetHints":{"allow":["GET"]}}],"collection":[{"href":"https:\/\/archive.sana.sy\/tr\/index.php?rest_route=\/wp\/v2\/posts"}],"about":[{"href":"https:\/\/archive.sana.sy\/tr\/index.php?rest_route=\/wp\/v2\/types\/post"}],"author":[{"embeddable":true,"href":"https:\/\/archive.sana.sy\/tr\/index.php?rest_route=\/wp\/v2\/users\/1"}],"replies":[{"embeddable":true,"href":"https:\/\/archive.sana.sy\/tr\/index.php?rest_route=%2Fwp%2Fv2%2Fcomments&post=107467"}],"version-history":[{"count":0,"href":"https:\/\/archive.sana.sy\/tr\/index.php?rest_route=\/wp\/v2\/posts\/107467\/revisions"}],"wp:attachment":[{"href":"https:\/\/archive.sana.sy\/tr\/index.php?rest_route=%2Fwp%2Fv2%2Fmedia&parent=107467"}],"wp:term":[{"taxonomy":"category","embeddable":true,"href":"https:\/\/archive.sana.sy\/tr\/index.php?rest_route=%2Fwp%2Fv2%2Fcategories&post=107467"},{"taxonomy":"post_tag","embeddable":true,"href":"https:\/\/archive.sana.sy\/tr\/index.php?rest_route=%2Fwp%2Fv2%2Ftags&post=107467"}],"curies":[{"name":"wp","href":"https:\/\/api.w.org\/{rel}","templated":true}]}}