{"id":107469,"date":"2017-03-12T13:45:53","date_gmt":"2017-03-12T11:45:53","guid":{"rendered":"http:\/\/www.sana.sy\/tr\/?p=107469"},"modified":"2017-03-12T15:18:13","modified_gmt":"2017-03-12T13:18:13","slug":"askeri-kaynak-ordu-birliklerimizin-dera-beledin-mensiye-bolgesinde-israil-destekli-nusra-cephesinin-askeri-mevkilere-karsi-hircin-bir-saldirisini-cokerttiklerini-belirtirken-intihar-eylemcis","status":"publish","type":"post","link":"https:\/\/archive.sana.sy\/tr\/?p=107469","title":{"rendered":"Askeri kaynak ordu birliklerimizin Dera Beled\u2019in Men\u015fiye B\u00f6lgesinde \u0130srail destekli Nusra Cephesinin askeri mevkilere kar\u015f\u0131 h\u0131r\u00e7\u0131n bir sald\u0131r\u0131s\u0131n\u0131 \u00e7\u00f6kerttiklerini belirtirken, intihar eylemcisi bir ter\u00f6ristin kulland\u0131\u011f\u0131 bombal\u0131 bir arac\u0131 hedefe ula\u015fmadan \u00f6nce imha ettiklerine dikkat e\u00e7kti"},"content":{"rendered":"<p>Askeri kaynak ordu birliklerimizin Dera Beled\u2019in Men\u015fiye B\u00f6lgesinde \u0130srail destekli Nusra Cephesinin askeri mevkilere kar\u015f\u0131 h\u0131r\u00e7\u0131n bir sald\u0131r\u0131s\u0131n\u0131 \u00e7\u00f6kerttiklerini belirtirken, intihar eylemcisi bir ter\u00f6ristin kulland\u0131\u011f\u0131 bombal\u0131 bir arac\u0131 hedefe ula\u015fmadan \u00f6nce imha ettiklerine dikkat e\u00e7kti<\/p>\n","protected":false},"excerpt":{"rendered":"<p>Askeri kaynak ordu birliklerimizin Dera Beled\u2019in Men\u015fiye B\u00f6lgesinde \u0130srail destekli Nusra Cephesinin askeri mevkilere kar\u015f\u0131 h\u0131r\u00e7\u0131n bir sald\u0131r\u0131s\u0131n\u0131 \u00e7\u00f6kerttiklerini belirtirken, intihar eylemcisi bir ter\u00f6ristin kulland\u0131\u011f\u0131 bombal\u0131 bir arac\u0131 hedefe ula\u015fmadan \u00f6nce imha ettiklerine dikkat e\u00e7kti<\/p>\n","protected":false},"author":1,"featured_media":0,"comment_status":"closed","ping_status":"closed","sticky":false,"template":"","format":"standard","meta":{"footnotes":""},"categories":[17991],"tags":[],"class_list":["post-107469","post","type-post","status-publish","format-standard","","category-son-dakika"],"_links":{"self":[{"href":"https:\/\/archive.sana.sy\/tr\/index.php?rest_route=\/wp\/v2\/posts\/107469","targetHints":{"allow":["GET"]}}],"collection":[{"href":"https:\/\/archive.sana.sy\/tr\/index.php?rest_route=\/wp\/v2\/posts"}],"about":[{"href":"https:\/\/archive.sana.sy\/tr\/index.php?rest_route=\/wp\/v2\/types\/post"}],"author":[{"embeddable":true,"href":"https:\/\/archive.sana.sy\/tr\/index.php?rest_route=\/wp\/v2\/users\/1"}],"replies":[{"embeddable":true,"href":"https:\/\/archive.sana.sy\/tr\/index.php?rest_route=%2Fwp%2Fv2%2Fcomments&post=107469"}],"version-history":[{"count":0,"href":"https:\/\/archive.sana.sy\/tr\/index.php?rest_route=\/wp\/v2\/posts\/107469\/revisions"}],"wp:attachment":[{"href":"https:\/\/archive.sana.sy\/tr\/index.php?rest_route=%2Fwp%2Fv2%2Fmedia&parent=107469"}],"wp:term":[{"taxonomy":"category","embeddable":true,"href":"https:\/\/archive.sana.sy\/tr\/index.php?rest_route=%2Fwp%2Fv2%2Fcategories&post=107469"},{"taxonomy":"post_tag","embeddable":true,"href":"https:\/\/archive.sana.sy\/tr\/index.php?rest_route=%2Fwp%2Fv2%2Ftags&post=107469"}],"curies":[{"name":"wp","href":"https:\/\/api.w.org\/{rel}","templated":true}]}}