{"id":107520,"date":"2017-03-12T08:30:16","date_gmt":"2017-03-12T06:30:16","guid":{"rendered":"http:\/\/www.sana.sy\/tr\/?p=107520"},"modified":"2017-03-13T09:45:18","modified_gmt":"2017-03-13T07:45:18","slug":"basbakan-sehit-yakinlarina-taziyelerini-iletti","status":"publish","type":"post","link":"https:\/\/archive.sana.sy\/tr\/?p=107520","title":{"rendered":"Ba\u015fbakan \u015eehit Yak\u0131nlar\u0131na Taziyelerini \u0130let\u015fp Yaral\u0131lar\u0131 Ziyaret Etti"},"content":{"rendered":"<p>\u015eAM \u2013 Ba\u015fbakan \u0130mad Hamis \u015eam\u2019da Bab el Sa\u011fir b\u00f6lgesinde meydana gelen ter\u00f6r sald\u0131r\u0131lar\u0131 sonucu ya\u015fam\u0131n\u0131 yitiren \u015fehitlerimizin ve b\u00fct\u00fcn vatan \u015fehitleri yak\u0131nlar\u0131na taziyelerini iletti.<\/p>\n<p>D\u00fcn \u015fehit yak\u0131nlar\u0131yla bir araya gelerek taleplerini dinleyen Hamis; H\u00fck\u00fcmetin \u015fehit yak\u0131nlar\u0131 ve gazilerimizin ihtiya\u00e7lar\u0131n\u0131n kar\u015f\u0131lanmas\u0131na \u00f6nem ve \u00f6ncelik verdi\u011fini belirtti.<\/p>\n<p>Ba\u015fbakan Hamis ayr\u0131ca ter\u00f6r sald\u0131r\u0131lar\u0131nda yaraland\u0131ktan sonra M\u00fcctehid ve Muvasa Hastanelerinde tedavi alt\u0131na al\u0131nan yaral\u0131lar\u0131 ziyaret ederek acil \u015fifalar diledi.<\/p>\n<div id='gallery-1' class='gallery galleryid-107520 gallery-columns-3 gallery-size-thumbnail'><figure class='gallery-item'>\n\t\t\t<div class='gallery-icon landscape'>\n\t\t\t\t<a href='https:\/\/archive.sana.sy\/tr\/wp-content\/uploads\/2017\/03\/2-43.jpg'><img loading=\"lazy\" decoding=\"async\" width=\"150\" height=\"100\" src=\"https:\/\/archive.sana.sy\/tr\/wp-content\/uploads\/2017\/03\/2-43-150x100.jpg\" class=\"attachment-thumbnail size-thumbnail\" alt=\"\" srcset=\"https:\/\/archive.sana.sy\/tr\/wp-content\/uploads\/2017\/03\/2-43-150x100.jpg 150w, https:\/\/archive.sana.sy\/tr\/wp-content\/uploads\/2017\/03\/2-43-300x200.jpg 300w, https:\/\/archive.sana.sy\/tr\/wp-content\/uploads\/2017\/03\/2-43-310x205.jpg 310w, https:\/\/archive.sana.sy\/tr\/wp-content\/uploads\/2017\/03\/2-43.jpg 660w\" sizes=\"auto, (max-width: 150px) 100vw, 150px\" \/><\/a>\n\t\t\t<\/div><\/figure><figure class='gallery-item'>\n\t\t\t<div class='gallery-icon landscape'>\n\t\t\t\t<a href='https:\/\/archive.sana.sy\/tr\/wp-content\/uploads\/2017\/03\/3-34.jpg'><img loading=\"lazy\" decoding=\"async\" width=\"150\" height=\"100\" src=\"https:\/\/archive.sana.sy\/tr\/wp-content\/uploads\/2017\/03\/3-34-150x100.jpg\" class=\"attachment-thumbnail size-thumbnail\" alt=\"\" srcset=\"https:\/\/archive.sana.sy\/tr\/wp-content\/uploads\/2017\/03\/3-34-150x100.jpg 150w, https:\/\/archive.sana.sy\/tr\/wp-content\/uploads\/2017\/03\/3-34-300x200.jpg 300w, https:\/\/archive.sana.sy\/tr\/wp-content\/uploads\/2017\/03\/3-34-310x205.jpg 310w, https:\/\/archive.sana.sy\/tr\/wp-content\/uploads\/2017\/03\/3-34.jpg 660w\" sizes=\"auto, (max-width: 150px) 100vw, 150px\" \/><\/a>\n\t\t\t<\/div><\/figure><figure class='gallery-item'>\n\t\t\t<div class='gallery-icon landscape'>\n\t\t\t\t<a href='https:\/\/archive.sana.sy\/tr\/wp-content\/uploads\/2017\/03\/4-22.jpg'><img loading=\"lazy\" decoding=\"async\" width=\"150\" height=\"100\" src=\"https:\/\/archive.sana.sy\/tr\/wp-content\/uploads\/2017\/03\/4-22-150x100.jpg\" class=\"attachment-thumbnail size-thumbnail\" alt=\"\" srcset=\"https:\/\/archive.sana.sy\/tr\/wp-content\/uploads\/2017\/03\/4-22-150x100.jpg 150w, https:\/\/archive.sana.sy\/tr\/wp-content\/uploads\/2017\/03\/4-22-300x200.jpg 300w, https:\/\/archive.sana.sy\/tr\/wp-content\/uploads\/2017\/03\/4-22-310x205.jpg 310w, https:\/\/archive.sana.sy\/tr\/wp-content\/uploads\/2017\/03\/4-22.jpg 660w\" sizes=\"auto, (max-width: 150px) 100vw, 150px\" \/><\/a>\n\t\t\t<\/div><\/figure><figure class='gallery-item'>\n\t\t\t<div class='gallery-icon landscape'>\n\t\t\t\t<a href='https:\/\/archive.sana.sy\/tr\/wp-content\/uploads\/2017\/03\/5-22.jpg'><img loading=\"lazy\" decoding=\"async\" width=\"150\" height=\"108\" src=\"https:\/\/archive.sana.sy\/tr\/wp-content\/uploads\/2017\/03\/5-22-150x108.jpg\" class=\"attachment-thumbnail size-thumbnail\" alt=\"\" srcset=\"https:\/\/archive.sana.sy\/tr\/wp-content\/uploads\/2017\/03\/5-22-150x108.jpg 150w, https:\/\/archive.sana.sy\/tr\/wp-content\/uploads\/2017\/03\/5-22-300x215.jpg 300w, https:\/\/archive.sana.sy\/tr\/wp-content\/uploads\/2017\/03\/5-22.jpg 660w\" sizes=\"auto, (max-width: 150px) 100vw, 150px\" \/><\/a>\n\t\t\t<\/div><\/figure><figure class='gallery-item'>\n\t\t\t<div class='gallery-icon landscape'>\n\t\t\t\t<a href='https:\/\/archive.sana.sy\/tr\/wp-content\/uploads\/2017\/03\/6-11.jpg'><img loading=\"lazy\" decoding=\"async\" width=\"150\" height=\"112\" src=\"https:\/\/archive.sana.sy\/tr\/wp-content\/uploads\/2017\/03\/6-11-150x112.jpg\" class=\"attachment-thumbnail size-thumbnail\" alt=\"\" srcset=\"https:\/\/archive.sana.sy\/tr\/wp-content\/uploads\/2017\/03\/6-11-150x112.jpg 150w, https:\/\/archive.sana.sy\/tr\/wp-content\/uploads\/2017\/03\/6-11-300x224.jpg 300w, https:\/\/archive.sana.sy\/tr\/wp-content\/uploads\/2017\/03\/6-11.jpg 660w\" sizes=\"auto, (max-width: 150px) 100vw, 150px\" \/><\/a>\n\t\t\t<\/div><\/figure><figure class='gallery-item'>\n\t\t\t<div class='gallery-icon landscape'>\n\t\t\t\t<a href='https:\/\/archive.sana.sy\/tr\/wp-content\/uploads\/2017\/03\/7-7.jpg'><img loading=\"lazy\" decoding=\"async\" width=\"150\" height=\"100\" src=\"https:\/\/archive.sana.sy\/tr\/wp-content\/uploads\/2017\/03\/7-7-150x100.jpg\" class=\"attachment-thumbnail size-thumbnail\" alt=\"\" srcset=\"https:\/\/archive.sana.sy\/tr\/wp-content\/uploads\/2017\/03\/7-7-150x100.jpg 150w, https:\/\/archive.sana.sy\/tr\/wp-content\/uploads\/2017\/03\/7-7-300x200.jpg 300w, https:\/\/archive.sana.sy\/tr\/wp-content\/uploads\/2017\/03\/7-7-310x205.jpg 310w, https:\/\/archive.sana.sy\/tr\/wp-content\/uploads\/2017\/03\/7-7.jpg 660w\" sizes=\"auto, (max-width: 150px) 100vw, 150px\" \/><\/a>\n\t\t\t<\/div><\/figure>\n\t\t<\/div>\n\n","protected":false},"excerpt":{"rendered":"<p>\u015eAM \u2013 Ba\u015fbakan \u0130mad Hamis \u015eam\u2019da Bab el Sa\u011fir b\u00f6lgesinde meydana gelen ter\u00f6r sald\u0131r\u0131lar\u0131 sonucu ya\u015fam\u0131n\u0131 yitiren \u015fehitlerimizin ve b\u00fct\u00fcn vatan \u015fehitleri yak\u0131nlar\u0131na taziyelerini iletti. D\u00fcn \u015fehit yak\u0131nlar\u0131yla bir araya gelerek taleplerini dinleyen Hamis; H\u00fck\u00fcmetin \u015fehit yak\u0131nlar\u0131 ve gazilerimizin ihtiya\u00e7lar\u0131n\u0131n kar\u015f\u0131lanmas\u0131na \u00f6nem ve \u00f6ncelik verdi\u011fini belirtti. Ba\u015fbakan Hamis ayr\u0131ca ter\u00f6r sald\u0131r\u0131lar\u0131nda yaraland\u0131ktan sonra M\u00fcctehid ve &hellip;<\/p>\n","protected":false},"author":1,"featured_media":107521,"comment_status":"closed","ping_status":"closed","sticky":false,"template":"","format":"standard","meta":{"footnotes":""},"categories":[596,479,17988,478],"tags":[28268,28269],"class_list":["post-107520","post","type-post","status-publish","format-standard","has-post-thumbnail","","category-fotografli-raporlar","category-haberler-yerel","category-son-haberler","category-yerel","tag-basbakan-sehit-yakinlarina-taziyelerini-iletti","tag-sam-basbakan-imad-hamis-samda-bab-el-sagir-bolgesinde-meydana-gelen-teror-saldirilari-sonucu-yasamini-yitiren-sehitlerimizin-ve-butun-vatan-sehitleri-yakinlarina-taziyelerini-iletti"],"_links":{"self":[{"href":"https:\/\/archive.sana.sy\/tr\/index.php?rest_route=\/wp\/v2\/posts\/107520","targetHints":{"allow":["GET"]}}],"collection":[{"href":"https:\/\/archive.sana.sy\/tr\/index.php?rest_route=\/wp\/v2\/posts"}],"about":[{"href":"https:\/\/archive.sana.sy\/tr\/index.php?rest_route=\/wp\/v2\/types\/post"}],"author":[{"embeddable":true,"href":"https:\/\/archive.sana.sy\/tr\/index.php?rest_route=\/wp\/v2\/users\/1"}],"replies":[{"embeddable":true,"href":"https:\/\/archive.sana.sy\/tr\/index.php?rest_route=%2Fwp%2Fv2%2Fcomments&post=107520"}],"version-history":[{"count":0,"href":"https:\/\/archive.sana.sy\/tr\/index.php?rest_route=\/wp\/v2\/posts\/107520\/revisions"}],"wp:featuredmedia":[{"embeddable":true,"href":"https:\/\/archive.sana.sy\/tr\/index.php?rest_route=\/wp\/v2\/media\/107521"}],"wp:attachment":[{"href":"https:\/\/archive.sana.sy\/tr\/index.php?rest_route=%2Fwp%2Fv2%2Fmedia&parent=107520"}],"wp:term":[{"taxonomy":"category","embeddable":true,"href":"https:\/\/archive.sana.sy\/tr\/index.php?rest_route=%2Fwp%2Fv2%2Fcategories&post=107520"},{"taxonomy":"post_tag","embeddable":true,"href":"https:\/\/archive.sana.sy\/tr\/index.php?rest_route=%2Fwp%2Fv2%2Ftags&post=107520"}],"curies":[{"name":"wp","href":"https:\/\/api.w.org\/{rel}","templated":true}]}}