{"id":107541,"date":"2017-03-12T14:50:40","date_gmt":"2017-03-12T12:50:40","guid":{"rendered":"http:\/\/www.sana.sy\/tr\/?p=107541"},"modified":"2017-03-13T09:46:35","modified_gmt":"2017-03-13T07:46:35","slug":"ogretmenler-gunu-faaliyetleri-bu-yil-halepte-olacak","status":"publish","type":"post","link":"https:\/\/archive.sana.sy\/tr\/?p=107541","title":{"rendered":"\u00d6\u011fretmenler G\u00fcn\u00fc Faaliyetleri Bu Y\u0131l Halep\u2019te Olacak"},"content":{"rendered":"<p>\u015eAM \u2013 \u00d6\u011fretmenler Sendikas\u0131 \u00d6\u011fretmenler G\u00fcn\u00fc m\u00fcnasebetiyle bug\u00fcn yay\u0131nlad\u0131\u011f\u0131 b\u00fcltende; Suriye \u00f6\u011fretmenlerinin ger\u00e7ek g\u00f6revlerinin, ulusal sevgiyi peki\u015ftirmek ve radikal ideolojilere kar\u015f\u0131 toplumun bilincini artt\u0131rmak oldu\u011funu ifade etti.<\/p>\n<p>B\u00fcltende \u00f6zellikle mevcut s\u00fcre\u00e7 i\u00e7inde \u00f6\u011fretmenlere b\u00fcy\u00fck bir sorumluluk ve g\u00f6rev d\u00fc\u015ft\u00fc\u011f\u00fcne dikkat \u00e7ekilirken, Suriye ve halk\u0131n\u0131n maruz kald\u0131\u011f\u0131 gaddar sald\u0131r\u0131lar, ihanet, kin ve radikal ter\u00f6re kar\u015f\u0131 m\u00fccadelede vatan ve insan sevgisini peki\u015ftirmelerinin yan\u0131 s\u0131ra radikal ideolojilere kar\u015f\u0131 toplumsal bilinci peki\u015ftirecekleri gere\u011finin alt\u0131 \u00e7izildi.<\/p>\n<p>\u00d6\u011fretmenler Sendikas\u0131; \u00d6\u011fretmenler G\u00fcn\u00fc m\u00fcnasebetiyle bu y\u0131l yap\u0131lacak faaliyetlerin Halep Kentinde olaca\u011f\u0131n\u0131 a\u00e7\u0131klarken, bunun ter\u00f6re kar\u015f\u0131 \u015fanl\u0131 bir m\u00fccadele veren Halep ahalisi ve Halep\u2019i ter\u00f6rden kurtaran Suriye ordusuna takdirin bir ifadesi olaca\u011f\u0131n\u0131 vurgulad\u0131.<\/p>\n","protected":false},"excerpt":{"rendered":"<p>\u015eAM \u2013 \u00d6\u011fretmenler Sendikas\u0131 \u00d6\u011fretmenler G\u00fcn\u00fc m\u00fcnasebetiyle bug\u00fcn yay\u0131nlad\u0131\u011f\u0131 b\u00fcltende; Suriye \u00f6\u011fretmenlerinin ger\u00e7ek g\u00f6revlerinin, ulusal sevgiyi peki\u015ftirmek ve radikal ideolojilere kar\u015f\u0131 toplumun bilincini artt\u0131rmak oldu\u011funu ifade etti. B\u00fcltende \u00f6zellikle mevcut s\u00fcre\u00e7 i\u00e7inde \u00f6\u011fretmenlere b\u00fcy\u00fck bir sorumluluk ve g\u00f6rev d\u00fc\u015ft\u00fc\u011f\u00fcne dikkat \u00e7ekilirken, Suriye ve halk\u0131n\u0131n maruz kald\u0131\u011f\u0131 gaddar sald\u0131r\u0131lar, ihanet, kin ve radikal ter\u00f6re kar\u015f\u0131 m\u00fccadelede &hellip;<\/p>\n","protected":false},"author":1,"featured_media":107542,"comment_status":"closed","ping_status":"closed","sticky":false,"template":"","format":"standard","meta":{"footnotes":""},"categories":[479,17988,478],"tags":[28276,28277],"class_list":["post-107541","post","type-post","status-publish","format-standard","has-post-thumbnail","","category-haberler-yerel","category-son-haberler","category-yerel","tag-ogretmenler-gunu-faaliyetleri-bu-yil-halepte-olacak","tag-ogretmenler-sendikasi-ogretmenler-gunu"],"_links":{"self":[{"href":"https:\/\/archive.sana.sy\/tr\/index.php?rest_route=\/wp\/v2\/posts\/107541","targetHints":{"allow":["GET"]}}],"collection":[{"href":"https:\/\/archive.sana.sy\/tr\/index.php?rest_route=\/wp\/v2\/posts"}],"about":[{"href":"https:\/\/archive.sana.sy\/tr\/index.php?rest_route=\/wp\/v2\/types\/post"}],"author":[{"embeddable":true,"href":"https:\/\/archive.sana.sy\/tr\/index.php?rest_route=\/wp\/v2\/users\/1"}],"replies":[{"embeddable":true,"href":"https:\/\/archive.sana.sy\/tr\/index.php?rest_route=%2Fwp%2Fv2%2Fcomments&post=107541"}],"version-history":[{"count":0,"href":"https:\/\/archive.sana.sy\/tr\/index.php?rest_route=\/wp\/v2\/posts\/107541\/revisions"}],"wp:featuredmedia":[{"embeddable":true,"href":"https:\/\/archive.sana.sy\/tr\/index.php?rest_route=\/wp\/v2\/media\/107542"}],"wp:attachment":[{"href":"https:\/\/archive.sana.sy\/tr\/index.php?rest_route=%2Fwp%2Fv2%2Fmedia&parent=107541"}],"wp:term":[{"taxonomy":"category","embeddable":true,"href":"https:\/\/archive.sana.sy\/tr\/index.php?rest_route=%2Fwp%2Fv2%2Fcategories&post=107541"},{"taxonomy":"post_tag","embeddable":true,"href":"https:\/\/archive.sana.sy\/tr\/index.php?rest_route=%2Fwp%2Fv2%2Ftags&post=107541"}],"curies":[{"name":"wp","href":"https:\/\/api.w.org\/{rel}","templated":true}]}}