{"id":107544,"date":"2017-03-12T12:45:55","date_gmt":"2017-03-12T10:45:55","guid":{"rendered":"http:\/\/www.sana.sy\/tr\/?p=107544"},"modified":"2017-03-13T09:45:28","modified_gmt":"2017-03-13T07:45:28","slug":"isidten-kacan-vatandaslara-insani-yardim-dagitildi","status":"publish","type":"post","link":"https:\/\/archive.sana.sy\/tr\/?p=107544","title":{"rendered":"I\u015e\u0130D\u2019ten Ka\u00e7an Vatanda\u015flara \u0130nsani Yard\u0131m Da\u011f\u0131t\u0131ld\u0131"},"content":{"rendered":"<p>HASEKE \u2013 Haseke\u2019de Movadda Hay\u0131r Cemiyeti, Rakka ve Halep k\u0131rsallar\u0131nda I\u015e\u0130D\u2019in sald\u0131r\u0131lar\u0131ndan ka\u00e7an ter\u00f6r ma\u011fduru vatanda\u015flara insani yard\u0131m da\u011f\u0131tt\u0131.<\/p>\n<p>Cemiyet Ba\u015fkan\u0131 Saad Sello SANA muhabirine a\u00e7\u0131klamalar\u0131nda; D\u00fcnya G\u0131da Program\u0131n\u0131n takdim etti\u011fi 7 bin g\u0131da paketinin Halep k\u0131rsal\u0131 Menbic B\u00f6lgesinde ter\u00f6r sald\u0131r\u0131lar\u0131ndan ka\u00e7an vatanda\u015flara da\u011f\u0131t\u0131ld\u0131\u011f\u0131n\u0131 belirtti. Sello, Rakka k\u0131rsal\u0131 Ayn \u0130sa ve Sluk kentlerinden ka\u00e7an ter\u00f6r ma\u011fdurlar\u0131na da yine 5500 g\u0131da paketinin da\u011f\u0131t\u0131ld\u0131\u011f\u0131n\u0131 s\u00f6yledi.<\/p>\n","protected":false},"excerpt":{"rendered":"<p>HASEKE \u2013 Haseke\u2019de Movadda Hay\u0131r Cemiyeti, Rakka ve Halep k\u0131rsallar\u0131nda I\u015e\u0130D\u2019in sald\u0131r\u0131lar\u0131ndan ka\u00e7an ter\u00f6r ma\u011fduru vatanda\u015flara insani yard\u0131m da\u011f\u0131tt\u0131. Cemiyet Ba\u015fkan\u0131 Saad Sello SANA muhabirine a\u00e7\u0131klamalar\u0131nda; D\u00fcnya G\u0131da Program\u0131n\u0131n takdim etti\u011fi 7 bin g\u0131da paketinin Halep k\u0131rsal\u0131 Menbic B\u00f6lgesinde ter\u00f6r sald\u0131r\u0131lar\u0131ndan ka\u00e7an vatanda\u015flara da\u011f\u0131t\u0131ld\u0131\u011f\u0131n\u0131 belirtti. Sello, Rakka k\u0131rsal\u0131 Ayn \u0130sa ve Sluk kentlerinden ka\u00e7an ter\u00f6r &hellip;<\/p>\n","protected":false},"author":1,"featured_media":107545,"comment_status":"closed","ping_status":"closed","sticky":false,"template":"","format":"standard","meta":{"footnotes":""},"categories":[479,17988,478],"tags":[28279,28278],"class_list":["post-107544","post","type-post","status-publish","format-standard","has-post-thumbnail","","category-haberler-yerel","category-son-haberler","category-yerel","tag-hasekede-movadda-hayir-cemiyeti","tag-isidten-kacan-vatandaslara-insani-yardim-dagitildi"],"_links":{"self":[{"href":"https:\/\/archive.sana.sy\/tr\/index.php?rest_route=\/wp\/v2\/posts\/107544","targetHints":{"allow":["GET"]}}],"collection":[{"href":"https:\/\/archive.sana.sy\/tr\/index.php?rest_route=\/wp\/v2\/posts"}],"about":[{"href":"https:\/\/archive.sana.sy\/tr\/index.php?rest_route=\/wp\/v2\/types\/post"}],"author":[{"embeddable":true,"href":"https:\/\/archive.sana.sy\/tr\/index.php?rest_route=\/wp\/v2\/users\/1"}],"replies":[{"embeddable":true,"href":"https:\/\/archive.sana.sy\/tr\/index.php?rest_route=%2Fwp%2Fv2%2Fcomments&post=107544"}],"version-history":[{"count":0,"href":"https:\/\/archive.sana.sy\/tr\/index.php?rest_route=\/wp\/v2\/posts\/107544\/revisions"}],"wp:featuredmedia":[{"embeddable":true,"href":"https:\/\/archive.sana.sy\/tr\/index.php?rest_route=\/wp\/v2\/media\/107545"}],"wp:attachment":[{"href":"https:\/\/archive.sana.sy\/tr\/index.php?rest_route=%2Fwp%2Fv2%2Fmedia&parent=107544"}],"wp:term":[{"taxonomy":"category","embeddable":true,"href":"https:\/\/archive.sana.sy\/tr\/index.php?rest_route=%2Fwp%2Fv2%2Fcategories&post=107544"},{"taxonomy":"post_tag","embeddable":true,"href":"https:\/\/archive.sana.sy\/tr\/index.php?rest_route=%2Fwp%2Fv2%2Ftags&post=107544"}],"curies":[{"name":"wp","href":"https:\/\/api.w.org\/{rel}","templated":true}]}}