{"id":107547,"date":"2017-03-13T10:20:20","date_gmt":"2017-03-13T08:20:20","guid":{"rendered":"http:\/\/www.sana.sy\/tr\/?p=107547"},"modified":"2017-03-13T10:20:20","modified_gmt":"2017-03-13T08:20:20","slug":"sananin-deyrezzor-muhabiri-ordu-birliklerimizin-deyrezzor-askeri-havalanin-civari-ve-tamin-tumenine-sizan-isidli-teror-gruplariyla-siddetli-catismalara-girerek-gruplarinin","status":"publish","type":"post","link":"https:\/\/archive.sana.sy\/tr\/?p=107547","title":{"rendered":"SANA\u2019n\u0131n Deyrezzor muhabiri; ordu birliklerimizin Deyrezzor Askeri Havalan\u0131n civar\u0131 ve Ta\u2019min T\u00fcmenine s\u0131zan I\u015e\u0130D\u2019li ter\u00f6r gruplar\u0131yla \u015fiddetli \u00e7at\u0131\u015fmalara girerek gruplar\u0131n\u0131n \u00fcyelerini \u00f6l\u00fc ve yaral\u0131 d\u00fc\u015f\u00fcrd\u00fcklerini belirtti"},"content":{"rendered":"<p>SANA\u2019n\u0131n Deyrezzor muhabiri; ordu birliklerimizin Deyrezzor Askeri Havalan\u0131n civar\u0131 ve Ta\u2019min T\u00fcmenine s\u0131zan I\u015e\u0130D\u2019li ter\u00f6r gruplar\u0131yla \u015fiddetli \u00e7at\u0131\u015fmalara girerek gruplar\u0131n\u0131n \u00fcyelerini \u00f6l\u00fc ve yaral\u0131 d\u00fc\u015f\u00fcrd\u00fcklerini belirtti<\/p>\n","protected":false},"excerpt":{"rendered":"<p>SANA\u2019n\u0131n Deyrezzor muhabiri; ordu birliklerimizin Deyrezzor Askeri Havalan\u0131n civar\u0131 ve Ta\u2019min T\u00fcmenine s\u0131zan I\u015e\u0130D\u2019li ter\u00f6r gruplar\u0131yla \u015fiddetli \u00e7at\u0131\u015fmalara girerek gruplar\u0131n\u0131n \u00fcyelerini \u00f6l\u00fc ve yaral\u0131 d\u00fc\u015f\u00fcrd\u00fcklerini belirtti<\/p>\n","protected":false},"author":1,"featured_media":0,"comment_status":"closed","ping_status":"closed","sticky":false,"template":"","format":"standard","meta":{"footnotes":""},"categories":[17991],"tags":[],"class_list":["post-107547","post","type-post","status-publish","format-standard","","category-son-dakika"],"_links":{"self":[{"href":"https:\/\/archive.sana.sy\/tr\/index.php?rest_route=\/wp\/v2\/posts\/107547","targetHints":{"allow":["GET"]}}],"collection":[{"href":"https:\/\/archive.sana.sy\/tr\/index.php?rest_route=\/wp\/v2\/posts"}],"about":[{"href":"https:\/\/archive.sana.sy\/tr\/index.php?rest_route=\/wp\/v2\/types\/post"}],"author":[{"embeddable":true,"href":"https:\/\/archive.sana.sy\/tr\/index.php?rest_route=\/wp\/v2\/users\/1"}],"replies":[{"embeddable":true,"href":"https:\/\/archive.sana.sy\/tr\/index.php?rest_route=%2Fwp%2Fv2%2Fcomments&post=107547"}],"version-history":[{"count":0,"href":"https:\/\/archive.sana.sy\/tr\/index.php?rest_route=\/wp\/v2\/posts\/107547\/revisions"}],"wp:attachment":[{"href":"https:\/\/archive.sana.sy\/tr\/index.php?rest_route=%2Fwp%2Fv2%2Fmedia&parent=107547"}],"wp:term":[{"taxonomy":"category","embeddable":true,"href":"https:\/\/archive.sana.sy\/tr\/index.php?rest_route=%2Fwp%2Fv2%2Fcategories&post=107547"},{"taxonomy":"post_tag","embeddable":true,"href":"https:\/\/archive.sana.sy\/tr\/index.php?rest_route=%2Fwp%2Fv2%2Ftags&post=107547"}],"curies":[{"name":"wp","href":"https:\/\/api.w.org\/{rel}","templated":true}]}}