{"id":107559,"date":"2017-03-12T17:30:51","date_gmt":"2017-03-12T15:30:51","guid":{"rendered":"http:\/\/www.sana.sy\/tr\/?p=107559"},"modified":"2017-03-14T11:36:17","modified_gmt":"2017-03-14T09:36:17","slug":"ap-heyeti-diplomatik-iliskilerin-yeniden-baslamasi-ve-yaptirimlarin-kaldirilmasina-calisacagiz","status":"publish","type":"post","link":"https:\/\/archive.sana.sy\/tr\/?p=107559","title":{"rendered":"AP Heyeti: Diplomatik \u0130li\u015fkilerin Yeniden Ba\u015flamas\u0131 ve Yapt\u0131r\u0131mlar\u0131n Kald\u0131r\u0131lmas\u0131na \u00c7al\u0131\u015faca\u011f\u0131z"},"content":{"rendered":"<p>\u015eAM \u2013 Cumhurba\u015fkan\u0131 Be\u015f\u015far el Esad; Avrupa Parlamentosunda D\u0131\u015f \u0130li\u015fkiler Komitesi Ba\u015fkan Yard\u0131mc\u0131s\u0131 Javier Couso ba\u015fkanl\u0131\u011f\u0131nda Suriye&#8217;ye i\u015f gezisinde bulunan Avrupal\u0131 parlamenter heyeti kabul etti.<\/p>\n<p>Suriye&#8217;deki son durumlar ve geli\u015fmelerin yan\u0131 s\u0131ra Suriye halk\u0131n\u0131n maruz kald\u0131\u011f\u0131 muhtelif y\u00f6nl\u00fc ter\u00f6r sava\u015f\u0131 konusunda Avrupa Birli\u011fi tutumlar\u0131n\u0131n ele al\u0131nd\u0131\u011f\u0131 g\u00f6r\u00fc\u015fmede bu sava\u015fa son verme ama\u00e7l\u0131 ba\u015far\u0131l\u0131 \u00e7\u00f6z\u00fcm yollar\u0131 bulma ufuklar\u0131 g\u00f6r\u00fc\u015f\u00fcld\u00fc.<\/p>\n<p><a href=\"http:\/\/www.sana.sy\/tr\/wp-content\/uploads\/2017\/03\/el-Esad.jpg\"><img loading=\"lazy\" decoding=\"async\" class=\"alignright wp-image-107562 size-medium\" src=\"http:\/\/www.sana.sy\/tr\/wp-content\/uploads\/2017\/03\/el-Esad-300x160.jpg\" alt=\"\" width=\"300\" height=\"160\" srcset=\"https:\/\/archive.sana.sy\/tr\/wp-content\/uploads\/2017\/03\/el-Esad-300x160.jpg 300w, https:\/\/archive.sana.sy\/tr\/wp-content\/uploads\/2017\/03\/el-Esad-150x80.jpg 150w, https:\/\/archive.sana.sy\/tr\/wp-content\/uploads\/2017\/03\/el-Esad-768x410.jpg 768w, https:\/\/archive.sana.sy\/tr\/wp-content\/uploads\/2017\/03\/el-Esad-1024x546.jpg 1024w, https:\/\/archive.sana.sy\/tr\/wp-content\/uploads\/2017\/03\/el-Esad-310x165.jpg 310w\" sizes=\"auto, (max-width: 300px) 100vw, 300px\" \/><\/a>El Esad Bat\u0131l\u0131 medya ara\u00e7lar\u0131n\u0131n b\u00fcy\u00fck \u00e7o\u011funlu\u011funun Suriye ve halk\u0131na y\u00f6nelik sava\u015f boyunca ger\u00e7ekleri nas\u0131l \u00e7arp\u0131tt\u0131\u011f\u0131na ve Bat\u0131l\u0131 kamuoyunu nas\u0131l aldatt\u0131\u011f\u0131na dikkat \u00e7ekti. Bat\u0131l\u0131 s\u00f6z konusu bu medya ara\u00e7lar\u0131n\u0131n Bat\u0131l\u0131 kamuoyu ve d\u00fcnya kamuoyu \u00f6n\u00fcnde g\u00fcvenirli\u011fini kaybetti\u011fine i\u015faret eden el Esad; bunun g\u00f6lgesinde Bat\u0131l\u0131 parlamenter ve daha ba\u015fka heyetlerin Suriye&#8217;de olup bitenlerin ger\u00e7e\u011fini kendi g\u00f6zleriyle g\u00f6rmek ve kendi kamuoylar\u0131na aktarmak i\u00e7in yo\u011fun ziyaretlerde bulunduklar\u0131n\u0131 kaydetti.<\/p>\n<p>Bat\u0131l\u0131 devletlerin b\u00fcy\u00fck \u00e7o\u011funlu\u011funun Suriye ve t\u00fcm b\u00f6lgeye kar\u015f\u0131 radikallik ve ter\u00f6r\u00fc desteklemelerinin yan\u0131 s\u0131ra Suriye ve halk\u0131na kar\u015f\u0131 yapt\u0131r\u0131mlar uygulad\u0131klar\u0131na dikkat \u00e7eken el Esad; bu tutum ve politikalar\u0131n yanl\u0131\u015fl\u0131\u011f\u0131na vurgu yapt\u0131. El Esad bu yanl\u0131\u015f tutum ve politikalar sonucunda ter\u00f6r ve tekfircili\u011fin yay\u0131lmas\u0131na, y\u00fcksek say\u0131da m\u00fcltecinin Avrupa devletlerine ak\u0131n etmelerine yol a\u00e7t\u0131\u011f\u0131n\u0131 belirtti.<\/p>\n<p>Avrupal\u0131 \u00e7ok say\u0131da devletten parlamenterleri i\u00e7eren AP parlamenter heyeti \u00fcyeleri ise g\u00f6r\u00fc\u015fmede; Suriye&#8217;de ya\u015fananlara ili\u015fkin yanl\u0131\u015f tutum ve politikalar\u0131 d\u00fczeltme amac\u0131yla yo\u011fun \u00e7abalar\u0131n\u0131 s\u00fcrd\u00fcrme azminde olduklar\u0131n\u0131 belirttiler.<\/p>\n<p>Heyet \u00fcyeleri Avrupa \u00fclkeleri ile Suriye aras\u0131nda diplomatik ili\u015fkilerin ba\u015flat\u0131lmas\u0131 ve Suriye&#8217;ye y\u00f6nelik yapt\u0131r\u0131mlar\u0131n kald\u0131r\u0131lmas\u0131 y\u00f6n\u00fcnde gereken her gayreti g\u00f6stereceklerini belirtti.<\/p>\n<p><span style=\"color: #0000ff\">Suriye T\u00fcm D\u00fcr\u00fcst \u00c7abalar\u0131 Destekliyor<\/span><\/p>\n<p><a href=\"http:\/\/www.sana.sy\/tr\/wp-content\/uploads\/2017\/03\/Muallim.jpg\"><img loading=\"lazy\" decoding=\"async\" class=\"alignright wp-image-107565 size-medium\" src=\"http:\/\/www.sana.sy\/tr\/wp-content\/uploads\/2017\/03\/Muallim-300x177.jpg\" alt=\"\" width=\"300\" height=\"177\" srcset=\"https:\/\/archive.sana.sy\/tr\/wp-content\/uploads\/2017\/03\/Muallim-300x177.jpg 300w, https:\/\/archive.sana.sy\/tr\/wp-content\/uploads\/2017\/03\/Muallim-150x89.jpg 150w, https:\/\/archive.sana.sy\/tr\/wp-content\/uploads\/2017\/03\/Muallim-768x454.jpg 768w, https:\/\/archive.sana.sy\/tr\/wp-content\/uploads\/2017\/03\/Muallim-1024x605.jpg 1024w\" sizes=\"auto, (max-width: 300px) 100vw, 300px\" \/><\/a>Di\u011fer yandan Ba\u015fbakan Yard\u0131mc\u0131s\u0131 D\u0131\u015fi\u015fleri ve Gurbet\u00e7iler Bakan\u0131 Velid Muallim Couso ba\u015fkanl\u0131\u011f\u0131ndaki Avrupa Parlamenter heyeti ile bir araya geldi.<\/p>\n<p>G\u00f6r\u00fc\u015fmede Muallim; Suriye&#8217;nin, krizin siyasi \u00e7\u00f6z\u00fcm\u00fcne ili\u015fkin t\u00fcm d\u00fcr\u00fcst ve ger\u00e7ek\u00e7i \u00e7abalar\u0131 destekledi\u011fine dikkat \u00e7ekti. Siyasi \u00e7\u00f6z\u00fcm\u00fcn Suriyeliler aras\u0131nda d\u0131\u015f m\u00fcdahale olmadan diyalog yoluyla olmas\u0131 gerekti\u011fini ifade eden Muallim; \u00e7\u00f6z\u00fcmde temel \u00f6nem ta\u015f\u0131yan ulusal uzla\u015fmalara g\u00f6sterilen \u00f6zen ve harcanan \u00e7abalara i\u015faret etti.<\/p>\n","protected":false},"excerpt":{"rendered":"<p>\u015eAM \u2013 Cumhurba\u015fkan\u0131 Be\u015f\u015far el Esad; Avrupa Parlamentosunda D\u0131\u015f \u0130li\u015fkiler Komitesi Ba\u015fkan Yard\u0131mc\u0131s\u0131 Javier Couso ba\u015fkanl\u0131\u011f\u0131nda Suriye&#8217;ye i\u015f gezisinde bulunan Avrupal\u0131 parlamenter heyeti kabul etti. Suriye&#8217;deki son durumlar ve geli\u015fmelerin yan\u0131 s\u0131ra Suriye halk\u0131n\u0131n maruz kald\u0131\u011f\u0131 muhtelif y\u00f6nl\u00fc ter\u00f6r sava\u015f\u0131 konusunda Avrupa Birli\u011fi tutumlar\u0131n\u0131n ele al\u0131nd\u0131\u011f\u0131 g\u00f6r\u00fc\u015fmede bu sava\u015fa son verme ama\u00e7l\u0131 ba\u015far\u0131l\u0131 \u00e7\u00f6z\u00fcm yollar\u0131 &hellip;<\/p>\n","protected":false},"author":1,"featured_media":107560,"comment_status":"closed","ping_status":"closed","sticky":false,"template":"","format":"standard","meta":{"footnotes":""},"categories":[608,479,605,17988,478],"tags":[28280,28281],"class_list":["post-107559","post","type-post","status-publish","format-standard","has-post-thumbnail","","category-etkinlikler","category-haberler-yerel","category-sayin-cumhurbaskani","category-son-haberler","category-yerel","tag-ap-heyeti-diplomatik-iliskilerin-yeniden-baslamasi-ve-yaptirimlarin-kaldirilmasina-calisacagiz","tag-sam-cumhurbaskani-bessar-el-esad-avrupa-parlamentosunda-dis-iliskiler-komitesi-baskan-yardimcisi-javier-couso-baskanliginda-suriyeye-is-gezisinde-bulunan-avrupali-parlamenter-heyeti-kabul"],"_links":{"self":[{"href":"https:\/\/archive.sana.sy\/tr\/index.php?rest_route=\/wp\/v2\/posts\/107559","targetHints":{"allow":["GET"]}}],"collection":[{"href":"https:\/\/archive.sana.sy\/tr\/index.php?rest_route=\/wp\/v2\/posts"}],"about":[{"href":"https:\/\/archive.sana.sy\/tr\/index.php?rest_route=\/wp\/v2\/types\/post"}],"author":[{"embeddable":true,"href":"https:\/\/archive.sana.sy\/tr\/index.php?rest_route=\/wp\/v2\/users\/1"}],"replies":[{"embeddable":true,"href":"https:\/\/archive.sana.sy\/tr\/index.php?rest_route=%2Fwp%2Fv2%2Fcomments&post=107559"}],"version-history":[{"count":0,"href":"https:\/\/archive.sana.sy\/tr\/index.php?rest_route=\/wp\/v2\/posts\/107559\/revisions"}],"wp:featuredmedia":[{"embeddable":true,"href":"https:\/\/archive.sana.sy\/tr\/index.php?rest_route=\/wp\/v2\/media\/107560"}],"wp:attachment":[{"href":"https:\/\/archive.sana.sy\/tr\/index.php?rest_route=%2Fwp%2Fv2%2Fmedia&parent=107559"}],"wp:term":[{"taxonomy":"category","embeddable":true,"href":"https:\/\/archive.sana.sy\/tr\/index.php?rest_route=%2Fwp%2Fv2%2Fcategories&post=107559"},{"taxonomy":"post_tag","embeddable":true,"href":"https:\/\/archive.sana.sy\/tr\/index.php?rest_route=%2Fwp%2Fv2%2Ftags&post=107559"}],"curies":[{"name":"wp","href":"https:\/\/api.w.org\/{rel}","templated":true}]}}