{"id":107569,"date":"2017-03-13T10:00:43","date_gmt":"2017-03-13T08:00:43","guid":{"rendered":"http:\/\/www.sana.sy\/tr\/?p=107569"},"modified":"2017-03-14T11:34:27","modified_gmt":"2017-03-14T09:34:27","slug":"gundem-ve-format-garantor-devletler-tarafindan-belirlenecek","status":"publish","type":"post","link":"https:\/\/archive.sana.sy\/tr\/?p=107569","title":{"rendered":"G\u00fcndem ve Format Garant\u00f6r Devletler Taraf\u0131ndan Belirlenecek"},"content":{"rendered":"<p>ASTANA \u2013 Kazakistan D\u0131\u015fi\u015fleri Bakan\u0131 Kairat Abdrakhmanov; Rusya, \u0130ran ve T\u00fcrkiye&#8217;nin, Suriye&#8217;deki krize siyasi \u00e7\u00f6z\u00fcm ama\u00e7l\u0131 olarak 14 ila 15 Mart tarihleri aras\u0131nda ba\u015fkent Astana\u2019da yap\u0131lacak g\u00f6r\u00fc\u015fmelere kat\u0131lacaklar\u0131n\u0131 teyit ettiklerini ilan etti.<\/p>\n<p>Kazakistan Parlamentosu huzurunda yapt\u0131\u011f\u0131 ve Rus Sputnik Ajans\u0131n\u0131n aktard\u0131\u011f\u0131 konu\u015fmada Abdrakhmanov; s\u00f6z konusu 3 devletin g\u00f6r\u00fc\u015fmelere kat\u0131lacaklar\u0131n\u0131 resmi olarak teyit ettiklerini belirtti. Abdrakhmanov, fakat \u015fu an g\u00f6r\u00fc\u015fmelere kat\u0131lacaklar\u0131n t\u00fcm\u00fcn\u00fc a\u00e7\u0131klamas\u0131n\u0131n m\u00fcmk\u00fcn olmad\u0131\u011f\u0131n\u0131 s\u00f6zlerine ekledi.<\/p>\n<p>G\u00f6r\u00fc\u015fmeler format\u0131 ve g\u00fcndeminin garant\u00f6r 3 devlet taraf\u0131ndan belirlenece\u011fini ifade eden Abdrakhmanov; kat\u0131lacak heyetlerin g\u00fcn\u00fcn ilerleyen saatlerinde Astana\u2019ya ula\u015facaklar\u0131n\u0131 s\u00f6yledi.<\/p>\n","protected":false},"excerpt":{"rendered":"<p>ASTANA \u2013 Kazakistan D\u0131\u015fi\u015fleri Bakan\u0131 Kairat Abdrakhmanov; Rusya, \u0130ran ve T\u00fcrkiye&#8217;nin, Suriye&#8217;deki krize siyasi \u00e7\u00f6z\u00fcm ama\u00e7l\u0131 olarak 14 ila 15 Mart tarihleri aras\u0131nda ba\u015fkent Astana\u2019da yap\u0131lacak g\u00f6r\u00fc\u015fmelere kat\u0131lacaklar\u0131n\u0131 teyit ettiklerini ilan etti. Kazakistan Parlamentosu huzurunda yapt\u0131\u011f\u0131 ve Rus Sputnik Ajans\u0131n\u0131n aktard\u0131\u011f\u0131 konu\u015fmada Abdrakhmanov; s\u00f6z konusu 3 devletin g\u00f6r\u00fc\u015fmelere kat\u0131lacaklar\u0131n\u0131 resmi olarak teyit ettiklerini belirtti. Abdrakhmanov, &hellip;<\/p>\n","protected":false},"author":1,"featured_media":107580,"comment_status":"closed","ping_status":"closed","sticky":false,"template":"","format":"standard","meta":{"footnotes":""},"categories":[458,459,17988],"tags":[28283,28282,28284,28285],"class_list":["post-107569","post","type-post","status-publish","format-standard","has-post-thumbnail","","category-dunya1","category-haberler-arap-uluslararasi-politika","category-son-haberler","tag-astana-kazakistan-disisleri-bakani-kairat-abdrakhmanov-rusya","tag-gundem-ve-format-garantor-devletler-tarafindan-belirlenecek","tag-iran-ve-turkiyenin","tag-suriyedeki-krize-siyasi-cozum-amacli-olarak-14-ila-15-mart-tarihleri-arasinda-baskent-astanada-yapilacak-gorusmelere-katilacaklarini-teyit-ettiklerini-ilan-etti"],"_links":{"self":[{"href":"https:\/\/archive.sana.sy\/tr\/index.php?rest_route=\/wp\/v2\/posts\/107569","targetHints":{"allow":["GET"]}}],"collection":[{"href":"https:\/\/archive.sana.sy\/tr\/index.php?rest_route=\/wp\/v2\/posts"}],"about":[{"href":"https:\/\/archive.sana.sy\/tr\/index.php?rest_route=\/wp\/v2\/types\/post"}],"author":[{"embeddable":true,"href":"https:\/\/archive.sana.sy\/tr\/index.php?rest_route=\/wp\/v2\/users\/1"}],"replies":[{"embeddable":true,"href":"https:\/\/archive.sana.sy\/tr\/index.php?rest_route=%2Fwp%2Fv2%2Fcomments&post=107569"}],"version-history":[{"count":0,"href":"https:\/\/archive.sana.sy\/tr\/index.php?rest_route=\/wp\/v2\/posts\/107569\/revisions"}],"wp:featuredmedia":[{"embeddable":true,"href":"https:\/\/archive.sana.sy\/tr\/index.php?rest_route=\/wp\/v2\/media\/107580"}],"wp:attachment":[{"href":"https:\/\/archive.sana.sy\/tr\/index.php?rest_route=%2Fwp%2Fv2%2Fmedia&parent=107569"}],"wp:term":[{"taxonomy":"category","embeddable":true,"href":"https:\/\/archive.sana.sy\/tr\/index.php?rest_route=%2Fwp%2Fv2%2Fcategories&post=107569"},{"taxonomy":"post_tag","embeddable":true,"href":"https:\/\/archive.sana.sy\/tr\/index.php?rest_route=%2Fwp%2Fv2%2Ftags&post=107569"}],"curies":[{"name":"wp","href":"https:\/\/api.w.org\/{rel}","templated":true}]}}