{"id":107593,"date":"2017-03-13T11:00:01","date_gmt":"2017-03-13T09:00:01","guid":{"rendered":"http:\/\/www.sana.sy\/tr\/?p=107593"},"modified":"2017-03-14T11:34:21","modified_gmt":"2017-03-14T09:34:21","slug":"abd-koalisyonu-yeni-bir-katliamda-bulundu","status":"publish","type":"post","link":"https:\/\/archive.sana.sy\/tr\/?p=107593","title":{"rendered":"ABD Koalisyonu Yeni Bir Katliamda Bulundu"},"content":{"rendered":"<p>RAKKA \u2013 ABD komutas\u0131ndaki uluslar aras\u0131 koalisyon u\u00e7aklar\u0131, Rakka k\u0131rsal\u0131n\u0131n g\u00fcneyi Kesrat B\u00f6lgesinde sivil yerle\u015fim alanlar\u0131n\u0131 bombalamalar\u0131yla 18 masum sivil insan\u0131n kurban gitti\u011fi yeni bir katliamda bulundular.<\/p>\n<p>Birbiriyle uyumlu bas\u0131n ve yerel kaynaklar; ABD komutas\u0131ndaki koalisyona tabi u\u00e7aklar; I\u015e\u0130D\u2019e kar\u015f\u0131 sava\u015f bahanesi alt\u0131nda d\u00fcn gece Rakka k\u0131rsal\u0131n\u0131n kuzeyinde bir dizi sivil b\u00f6lgeyi bombalad\u0131klar\u0131n\u0131 aktard\u0131. Kaynaklar Kesret \u015eeyh Cuma ve Kesret el Ferec b\u00f6lgelerine ilaveten F\u0131rat Nehrinin g\u00fcney kenarlar\u0131 kenarlar\u0131nda yer alan Tar\u0131msal Ara\u015ft\u0131rmalar B\u00f6lgesini hedef alan koalisyon u\u00e7aklar\u0131n\u0131n 19 sivil vatanda\u015f\u0131n \u015fehit d\u00fc\u015fmesine yol a\u00e7t\u0131klar\u0131n\u0131 belirtti. \u00c7ok say\u0131da vatanda\u015f\u0131n da yaraland\u0131\u011f\u0131na dikkat \u00e7eken kaynaklar, bir k\u0131sm\u0131n\u0131n durumunun a\u011f\u0131r olmas\u0131yla \u015fehit say\u0131s\u0131n\u0131n artabilece\u011fini kaydetti.<\/p>\n","protected":false},"excerpt":{"rendered":"<p>RAKKA \u2013 ABD komutas\u0131ndaki uluslar aras\u0131 koalisyon u\u00e7aklar\u0131, Rakka k\u0131rsal\u0131n\u0131n g\u00fcneyi Kesrat B\u00f6lgesinde sivil yerle\u015fim alanlar\u0131n\u0131 bombalamalar\u0131yla 18 masum sivil insan\u0131n kurban gitti\u011fi yeni bir katliamda bulundular. Birbiriyle uyumlu bas\u0131n ve yerel kaynaklar; ABD komutas\u0131ndaki koalisyona tabi u\u00e7aklar; I\u015e\u0130D\u2019e kar\u015f\u0131 sava\u015f bahanesi alt\u0131nda d\u00fcn gece Rakka k\u0131rsal\u0131n\u0131n kuzeyinde bir dizi sivil b\u00f6lgeyi bombalad\u0131klar\u0131n\u0131 aktard\u0131. Kaynaklar &hellip;<\/p>\n","protected":false},"author":1,"featured_media":107594,"comment_status":"closed","ping_status":"closed","sticky":false,"template":"","format":"standard","meta":{"footnotes":""},"categories":[479,17988,478],"tags":[28286,28287,28288],"class_list":["post-107593","post","type-post","status-publish","format-standard","has-post-thumbnail","","category-haberler-yerel","category-son-haberler","category-yerel","tag-abd-koalisyonu-yeni-bir-katliamda-bulundu","tag-rakka-abd-komutasindaki-uluslar-arasi-koalisyon-ucaklari","tag-rakka-kirsalinin-guneyi-kesrat-bolgesinde-sivil-yerlesim-alanlarini-bombalamalariyla-18-masum-sivil-insanin-kurban-gittigi-yeni-bir-katliamda-bulundular"],"_links":{"self":[{"href":"https:\/\/archive.sana.sy\/tr\/index.php?rest_route=\/wp\/v2\/posts\/107593","targetHints":{"allow":["GET"]}}],"collection":[{"href":"https:\/\/archive.sana.sy\/tr\/index.php?rest_route=\/wp\/v2\/posts"}],"about":[{"href":"https:\/\/archive.sana.sy\/tr\/index.php?rest_route=\/wp\/v2\/types\/post"}],"author":[{"embeddable":true,"href":"https:\/\/archive.sana.sy\/tr\/index.php?rest_route=\/wp\/v2\/users\/1"}],"replies":[{"embeddable":true,"href":"https:\/\/archive.sana.sy\/tr\/index.php?rest_route=%2Fwp%2Fv2%2Fcomments&post=107593"}],"version-history":[{"count":0,"href":"https:\/\/archive.sana.sy\/tr\/index.php?rest_route=\/wp\/v2\/posts\/107593\/revisions"}],"wp:featuredmedia":[{"embeddable":true,"href":"https:\/\/archive.sana.sy\/tr\/index.php?rest_route=\/wp\/v2\/media\/107594"}],"wp:attachment":[{"href":"https:\/\/archive.sana.sy\/tr\/index.php?rest_route=%2Fwp%2Fv2%2Fmedia&parent=107593"}],"wp:term":[{"taxonomy":"category","embeddable":true,"href":"https:\/\/archive.sana.sy\/tr\/index.php?rest_route=%2Fwp%2Fv2%2Fcategories&post=107593"},{"taxonomy":"post_tag","embeddable":true,"href":"https:\/\/archive.sana.sy\/tr\/index.php?rest_route=%2Fwp%2Fv2%2Ftags&post=107593"}],"curies":[{"name":"wp","href":"https:\/\/api.w.org\/{rel}","templated":true}]}}