{"id":107607,"date":"2017-03-13T12:16:05","date_gmt":"2017-03-13T10:16:05","guid":{"rendered":"http:\/\/www.sana.sy\/tr\/?p=107607"},"modified":"2017-03-13T13:31:52","modified_gmt":"2017-03-13T11:31:52","slug":"sanaya-aciklama-yapan-vali-barazi-vaer-semtinde-uzlasma-anlasmasini-tamamlamanin-lazkiye-kirsali-hmeymim-hava-ussundeki-rus-koordinasyon-merkezi-ile-isbirliginde-yurutuldugunu-belirtti","status":"publish","type":"post","link":"https:\/\/archive.sana.sy\/tr\/?p=107607","title":{"rendered":"SANA\u2019ya a\u00e7\u0131klama yapan Vali Barazi; Vaer Semtinde uzla\u015fma anla\u015fmas\u0131n\u0131 tamamlaman\u0131n, Lazkiye k\u0131rsal\u0131 Hmeymim Hava \u00dcss\u00fcndeki Rus Koordinasyon Merkezi ile i\u015fbirli\u011finde y\u00fcr\u00fct\u00fcld\u00fc\u011f\u00fcn\u00fc belirtti."},"content":{"rendered":"<p>SANA\u2019ya a\u00e7\u0131klama yapan Vali Barazi; Vaer Semtinde uzla\u015fma anla\u015fmas\u0131n\u0131 tamamlaman\u0131n, Lazkiye k\u0131rsal\u0131 Hmeymim Hava \u00dcss\u00fcndeki Rus Koordinasyon Merkezi ile i\u015fbirli\u011finde y\u00fcr\u00fct\u00fcld\u00fc\u011f\u00fcn\u00fc belirtti.<\/p>\n","protected":false},"excerpt":{"rendered":"<p>SANA\u2019ya a\u00e7\u0131klama yapan Vali Barazi; Vaer Semtinde uzla\u015fma anla\u015fmas\u0131n\u0131 tamamlaman\u0131n, Lazkiye k\u0131rsal\u0131 Hmeymim Hava \u00dcss\u00fcndeki Rus Koordinasyon Merkezi ile i\u015fbirli\u011finde y\u00fcr\u00fct\u00fcld\u00fc\u011f\u00fcn\u00fc belirtti.<\/p>\n","protected":false},"author":1,"featured_media":0,"comment_status":"closed","ping_status":"closed","sticky":false,"template":"","format":"standard","meta":{"footnotes":""},"categories":[17991],"tags":[],"class_list":["post-107607","post","type-post","status-publish","format-standard","","category-son-dakika"],"_links":{"self":[{"href":"https:\/\/archive.sana.sy\/tr\/index.php?rest_route=\/wp\/v2\/posts\/107607","targetHints":{"allow":["GET"]}}],"collection":[{"href":"https:\/\/archive.sana.sy\/tr\/index.php?rest_route=\/wp\/v2\/posts"}],"about":[{"href":"https:\/\/archive.sana.sy\/tr\/index.php?rest_route=\/wp\/v2\/types\/post"}],"author":[{"embeddable":true,"href":"https:\/\/archive.sana.sy\/tr\/index.php?rest_route=\/wp\/v2\/users\/1"}],"replies":[{"embeddable":true,"href":"https:\/\/archive.sana.sy\/tr\/index.php?rest_route=%2Fwp%2Fv2%2Fcomments&post=107607"}],"version-history":[{"count":0,"href":"https:\/\/archive.sana.sy\/tr\/index.php?rest_route=\/wp\/v2\/posts\/107607\/revisions"}],"wp:attachment":[{"href":"https:\/\/archive.sana.sy\/tr\/index.php?rest_route=%2Fwp%2Fv2%2Fmedia&parent=107607"}],"wp:term":[{"taxonomy":"category","embeddable":true,"href":"https:\/\/archive.sana.sy\/tr\/index.php?rest_route=%2Fwp%2Fv2%2Fcategories&post=107607"},{"taxonomy":"post_tag","embeddable":true,"href":"https:\/\/archive.sana.sy\/tr\/index.php?rest_route=%2Fwp%2Fv2%2Ftags&post=107607"}],"curies":[{"name":"wp","href":"https:\/\/api.w.org\/{rel}","templated":true}]}}