{"id":107611,"date":"2017-03-13T12:21:07","date_gmt":"2017-03-13T10:21:07","guid":{"rendered":"http:\/\/www.sana.sy\/tr\/?p=107611"},"modified":"2017-03-13T13:32:27","modified_gmt":"2017-03-13T11:32:27","slug":"bu-cabalar-neticesinde-vaer-semtinde-silahlarini-teslim-edip-aftan-faydalanmak-isteyenlerin-kanun-durumlarinin-yeniden-duzenlenecegini-ve-normal-yasamlarina-doneceklerini-kaydeden-vali-barazi-silahla","status":"publish","type":"post","link":"https:\/\/archive.sana.sy\/tr\/?p=107611","title":{"rendered":"Bu \u00e7abalar neticesinde Vaer Semtinde silahlar\u0131n\u0131 teslim edip aftan faydalanmak isteyenlerin kanun durumlar\u0131n\u0131n yeniden d\u00fczenlenece\u011fini ve normal ya\u015famlar\u0131na d\u00f6neceklerini kaydeden Vali Barazi; silahlar\u0131n\u0131 teslim etmek istemeyenlerin ise aileleri ile birlikte 6 ila 8 hafta i\u00e7inde ba\u015fka b\u00f6lgelere aktar\u0131lacaklar\u0131n\u0131 a\u00e7\u0131klad\u0131"},"content":{"rendered":"<p>Bu \u00e7abalar neticesinde Vaer Semtinde silahlar\u0131n\u0131 teslim edip aftan faydalanmak isteyenlerin kanun durumlar\u0131n\u0131n yeniden d\u00fczenlenece\u011fini ve normal ya\u015famlar\u0131na d\u00f6neceklerini kaydeden Vali Barazi; silahlar\u0131n\u0131 teslim etmek istemeyenlerin ise aileleri ile birlikte 6 ila 8 hafta i\u00e7inde ba\u015fka b\u00f6lgelere aktar\u0131lacaklar\u0131n\u0131 a\u00e7\u0131klad\u0131<\/p>\n","protected":false},"excerpt":{"rendered":"<p>Bu \u00e7abalar neticesinde Vaer Semtinde silahlar\u0131n\u0131 teslim edip aftan faydalanmak isteyenlerin kanun durumlar\u0131n\u0131n yeniden d\u00fczenlenece\u011fini ve normal ya\u015famlar\u0131na d\u00f6neceklerini kaydeden Vali Barazi; silahlar\u0131n\u0131 teslim etmek istemeyenlerin ise aileleri ile birlikte 6 ila 8 hafta i\u00e7inde ba\u015fka b\u00f6lgelere aktar\u0131lacaklar\u0131n\u0131 a\u00e7\u0131klad\u0131<\/p>\n","protected":false},"author":1,"featured_media":0,"comment_status":"closed","ping_status":"closed","sticky":false,"template":"","format":"standard","meta":{"footnotes":""},"categories":[17991],"tags":[],"class_list":["post-107611","post","type-post","status-publish","format-standard","","category-son-dakika"],"_links":{"self":[{"href":"https:\/\/archive.sana.sy\/tr\/index.php?rest_route=\/wp\/v2\/posts\/107611","targetHints":{"allow":["GET"]}}],"collection":[{"href":"https:\/\/archive.sana.sy\/tr\/index.php?rest_route=\/wp\/v2\/posts"}],"about":[{"href":"https:\/\/archive.sana.sy\/tr\/index.php?rest_route=\/wp\/v2\/types\/post"}],"author":[{"embeddable":true,"href":"https:\/\/archive.sana.sy\/tr\/index.php?rest_route=\/wp\/v2\/users\/1"}],"replies":[{"embeddable":true,"href":"https:\/\/archive.sana.sy\/tr\/index.php?rest_route=%2Fwp%2Fv2%2Fcomments&post=107611"}],"version-history":[{"count":0,"href":"https:\/\/archive.sana.sy\/tr\/index.php?rest_route=\/wp\/v2\/posts\/107611\/revisions"}],"wp:attachment":[{"href":"https:\/\/archive.sana.sy\/tr\/index.php?rest_route=%2Fwp%2Fv2%2Fmedia&parent=107611"}],"wp:term":[{"taxonomy":"category","embeddable":true,"href":"https:\/\/archive.sana.sy\/tr\/index.php?rest_route=%2Fwp%2Fv2%2Fcategories&post=107611"},{"taxonomy":"post_tag","embeddable":true,"href":"https:\/\/archive.sana.sy\/tr\/index.php?rest_route=%2Fwp%2Fv2%2Ftags&post=107611"}],"curies":[{"name":"wp","href":"https:\/\/api.w.org\/{rel}","templated":true}]}}