{"id":107625,"date":"2017-03-13T09:00:26","date_gmt":"2017-03-13T07:00:26","guid":{"rendered":"http:\/\/www.sana.sy\/tr\/?p=107625"},"modified":"2017-03-14T11:36:10","modified_gmt":"2017-03-14T09:36:10","slug":"teroristlere-boyle-bir-firsat-verilmemelidir","status":"publish","type":"post","link":"https:\/\/archive.sana.sy\/tr\/?p=107625","title":{"rendered":"Ter\u00f6ristlere B\u00f6yle Bir F\u0131rsat Verilmemelidir"},"content":{"rendered":"<p>MOSKOVA \u2013 Rusya D\u0131\u015fi\u015fleri Bakanl\u0131\u011f\u0131 bug\u00fcn; iki g\u00fcn \u00f6nce ba\u015fkent \u015eam\u2019\u0131n Bab el Sa\u011fir B\u00f6lgesinde meydana gelen ve 40\u2019tan fazla ki\u015finin \u015fehit, 120\u2019den fazla ki\u015finin de yaral\u0131 d\u00fc\u015fmelerine yol a\u00e7an iki bombal\u0131 ter\u00f6r eylemini k\u0131nad\u0131.<\/p>\n<p>Rus bakanl\u0131k bug\u00fcn yay\u0131nlad\u0131\u011f\u0131 b\u00fcltende; s\u00f6z konusu bombal\u0131 ter\u00f6r eylemlerinin, Cenevre ve Astana\u2019da yap\u0131lan siyasi \u00e7\u00f6z\u00fcm \u00e7abalar\u0131n\u0131 sabote etme ama\u00e7l\u0131 oldu\u011funu belirtti. B\u00fcltende ter\u00f6ristlerin siyasi \u00e7\u00f6z\u00fcm \u00e7abalar\u0131 ve Suriye&#8217;de \u00e7at\u0131\u015fmalar\u0131n durdurulmas\u0131 durumunu sabote etmelerine f\u0131rsat vermeme gere\u011finin alt\u0131 \u00e7izilirken, t\u00fcm Suriyelilerin ter\u00f6rle m\u00fccadele y\u00f6n\u00fcnde \u00e7abalar\u0131n\u0131 birle\u015ftirip yo\u011funla\u015ft\u0131rmalar\u0131 gere\u011fi kaydedildi.<\/p>\n","protected":false},"excerpt":{"rendered":"<p>MOSKOVA \u2013 Rusya D\u0131\u015fi\u015fleri Bakanl\u0131\u011f\u0131 bug\u00fcn; iki g\u00fcn \u00f6nce ba\u015fkent \u015eam\u2019\u0131n Bab el Sa\u011fir B\u00f6lgesinde meydana gelen ve 40\u2019tan fazla ki\u015finin \u015fehit, 120\u2019den fazla ki\u015finin de yaral\u0131 d\u00fc\u015fmelerine yol a\u00e7an iki bombal\u0131 ter\u00f6r eylemini k\u0131nad\u0131. Rus bakanl\u0131k bug\u00fcn yay\u0131nlad\u0131\u011f\u0131 b\u00fcltende; s\u00f6z konusu bombal\u0131 ter\u00f6r eylemlerinin, Cenevre ve Astana\u2019da yap\u0131lan siyasi \u00e7\u00f6z\u00fcm \u00e7abalar\u0131n\u0131 sabote etme ama\u00e7l\u0131 &hellip;<\/p>\n","protected":false},"author":1,"featured_media":93395,"comment_status":"closed","ping_status":"closed","sticky":false,"template":"","format":"standard","meta":{"footnotes":""},"categories":[458,459,17988],"tags":[28291],"class_list":["post-107625","post","type-post","status-publish","format-standard","has-post-thumbnail","","category-dunya1","category-haberler-arap-uluslararasi-politika","category-son-haberler","tag-teroristlere-boyle-bir-firsat-verilmemelidir"],"_links":{"self":[{"href":"https:\/\/archive.sana.sy\/tr\/index.php?rest_route=\/wp\/v2\/posts\/107625","targetHints":{"allow":["GET"]}}],"collection":[{"href":"https:\/\/archive.sana.sy\/tr\/index.php?rest_route=\/wp\/v2\/posts"}],"about":[{"href":"https:\/\/archive.sana.sy\/tr\/index.php?rest_route=\/wp\/v2\/types\/post"}],"author":[{"embeddable":true,"href":"https:\/\/archive.sana.sy\/tr\/index.php?rest_route=\/wp\/v2\/users\/1"}],"replies":[{"embeddable":true,"href":"https:\/\/archive.sana.sy\/tr\/index.php?rest_route=%2Fwp%2Fv2%2Fcomments&post=107625"}],"version-history":[{"count":0,"href":"https:\/\/archive.sana.sy\/tr\/index.php?rest_route=\/wp\/v2\/posts\/107625\/revisions"}],"wp:featuredmedia":[{"embeddable":true,"href":"https:\/\/archive.sana.sy\/tr\/index.php?rest_route=\/wp\/v2\/media\/93395"}],"wp:attachment":[{"href":"https:\/\/archive.sana.sy\/tr\/index.php?rest_route=%2Fwp%2Fv2%2Fmedia&parent=107625"}],"wp:term":[{"taxonomy":"category","embeddable":true,"href":"https:\/\/archive.sana.sy\/tr\/index.php?rest_route=%2Fwp%2Fv2%2Fcategories&post=107625"},{"taxonomy":"post_tag","embeddable":true,"href":"https:\/\/archive.sana.sy\/tr\/index.php?rest_route=%2Fwp%2Fv2%2Ftags&post=107625"}],"curies":[{"name":"wp","href":"https:\/\/api.w.org\/{rel}","templated":true}]}}