{"id":107673,"date":"2017-03-13T22:00:59","date_gmt":"2017-03-13T20:00:59","guid":{"rendered":"http:\/\/www.sana.sy\/tr\/?p=107673"},"modified":"2017-03-14T12:36:23","modified_gmt":"2017-03-14T10:36:23","slug":"toplanti-gumruklerin-denetlenmesinin-onemine-odaklandi","status":"publish","type":"post","link":"https:\/\/archive.sana.sy\/tr\/?p=107673","title":{"rendered":"Toplant\u0131 G\u00fcmr\u00fcklerin Denetlenmesinin \u00d6nemine Odakland\u0131"},"content":{"rendered":"<p>\u015eAM \u2013 \u015eam Ticaret Odas\u0131n\u0131n Ekonomi, Maliye, \u0130\u00e7 Ticaret ve T\u00fcketiciyi Koruma bakanlar\u0131 ve G\u00fcmr\u00fckler Genel M\u00fcd\u00fcr\u00fc ile birlikte yapt\u0131klar\u0131 \u00e7a\u011fr\u0131yla d\u00fczenlenen toplant\u0131 kat\u0131l\u0131mc\u0131lar\u0131 kentlerdeki g\u00fcmr\u00fcklerin denetlenmesi, g\u00fcmr\u00fck tarifelerindeki \u00e7eli\u015fkilerin giderilmesi ve yerel pazarlara \u00fcr\u00fcn ak\u0131\u015f\u0131n\u0131 kolayla\u015ft\u0131rmas\u0131n\u0131 talep ettiler.<\/p>\n<p><a href=\"http:\/\/www.sana.sy\/tr\/wp-content\/uploads\/2017\/03\/ekonomi-1.jpg\"><img loading=\"lazy\" decoding=\"async\" class=\"alignright wp-image-107677 size-medium\" src=\"http:\/\/www.sana.sy\/tr\/wp-content\/uploads\/2017\/03\/ekonomi-1-300x201.jpg\" alt=\"\" width=\"300\" height=\"201\" srcset=\"https:\/\/archive.sana.sy\/tr\/wp-content\/uploads\/2017\/03\/ekonomi-1-300x201.jpg 300w, https:\/\/archive.sana.sy\/tr\/wp-content\/uploads\/2017\/03\/ekonomi-1-150x100.jpg 150w, https:\/\/archive.sana.sy\/tr\/wp-content\/uploads\/2017\/03\/ekonomi-1-768x514.jpg 768w, https:\/\/archive.sana.sy\/tr\/wp-content\/uploads\/2017\/03\/ekonomi-1-1024x685.jpg 1024w, https:\/\/archive.sana.sy\/tr\/wp-content\/uploads\/2017\/03\/ekonomi-1-110x75.jpg 110w\" sizes=\"auto, (max-width: 300px) 100vw, 300px\" \/><\/a>Ekonomi ve D\u0131\u015f Ticaret Bakan\u0131 Edip Meyyale; h\u00fck\u00fcmetin g\u00fcmr\u00fck konusuna b\u00f6y\u00fck bir \u00f6nem verdi\u011fini ifade ederek ulusal \u00fcreticileri korumak amac\u0131yla al\u0131nacak icraatlar \u00fczerinde \u00e7al\u0131\u015fmalar bulundu\u011funu belirtti.<\/p>\n<p>Maliye Bakan\u0131 Mamun Hamdan da ithalat ve ihracatta ka\u00e7ak\u00e7\u0131l\u0131\u011f\u0131n ulusal sanayiye zarar verdi\u011fi konusunda b\u00fct\u00fcn taraflar\u0131n hemfikir oldu\u011funa dikkat \u00e7ekerek g\u00fcmr\u00fcklerde ele ge\u00e7irilen ve t\u00fcketime elveri\u015fli olmayan \u00fcr\u00fcnlerin ka\u00e7ak\u00e7\u0131l\u0131\u011fa kar\u015f\u0131 b\u00fct\u00fcn taraflar\u0131n i\u015fbirli\u011fi yapmas\u0131 gerekti\u011finin somut kan\u0131t\u0131 oldu\u011funu vurgulad\u0131.<\/p>\n<p>G\u00fcmr\u00fckler Genel M\u00fcd\u00fcr\u00fc Fevvaz el Asaad toplant\u0131 sonras\u0131nda gazetecilere yapt\u0131\u011f\u0131 a\u00e7\u0131klamada, toplant\u0131da t\u00fcccarlar, sanayiciler ve devlet hazinesi \u00e7\u0131karlar\u0131na hizmet eden konular\u0131n tart\u0131\u015f\u0131ld\u0131\u011f\u0131n\u0131 ifade ederek G\u00fcmr\u00fckler \u0130daresinin b\u00fct\u00fcn taraflar\u0131n taleplerini de\u011ferlendirerek gerekli \u00e7\u00f6z\u00fcmleri sa\u011flama \u00e7abas\u0131nda oldu\u011funu belirtti.<\/p>\n","protected":false},"excerpt":{"rendered":"<p>\u015eAM \u2013 \u015eam Ticaret Odas\u0131n\u0131n Ekonomi, Maliye, \u0130\u00e7 Ticaret ve T\u00fcketiciyi Koruma bakanlar\u0131 ve G\u00fcmr\u00fckler Genel M\u00fcd\u00fcr\u00fc ile birlikte yapt\u0131klar\u0131 \u00e7a\u011fr\u0131yla d\u00fczenlenen toplant\u0131 kat\u0131l\u0131mc\u0131lar\u0131 kentlerdeki g\u00fcmr\u00fcklerin denetlenmesi, g\u00fcmr\u00fck tarifelerindeki \u00e7eli\u015fkilerin giderilmesi ve yerel pazarlara \u00fcr\u00fcn ak\u0131\u015f\u0131n\u0131 kolayla\u015ft\u0131rmas\u0131n\u0131 talep ettiler. Ekonomi ve D\u0131\u015f Ticaret Bakan\u0131 Edip Meyyale; h\u00fck\u00fcmetin g\u00fcmr\u00fck konusuna b\u00f6y\u00fck bir \u00f6nem verdi\u011fini ifade ederek &hellip;<\/p>\n","protected":false},"author":1,"featured_media":107676,"comment_status":"closed","ping_status":"closed","sticky":false,"template":"","format":"standard","meta":{"footnotes":""},"categories":[485,479,486,17988,478],"tags":[28307,28306,28305,28304,28303],"class_list":["post-107673","post","type-post","status-publish","format-standard","has-post-thumbnail","","category-is-ve-sermaye","category-haberler-yerel","category-haberler-is-ve-sermaye","category-son-haberler","category-yerel","tag-gumruk-tarifelerindeki-celiskilerin-giderilmesi-ve-yerel-pazarlara-urun-akisini-kolaylastirmasini-talep-ettiler","tag-ic-ticaret-ve-tureticiyi-koruma-bakanlari-ve-gumrukler-genel-muduru-ile-birlikte-yaptiklari-cagriyla-duzenlenen-toplanti-katilimcilari-kentlerdeki-gumruklerin-denetlenmesi","tag-maliye","tag-sam-sam-ticaret-odasinin-ekonomi","tag-toplanti-gumruklerin-denetlenmesinin-onemine-odaklandi"],"_links":{"self":[{"href":"https:\/\/archive.sana.sy\/tr\/index.php?rest_route=\/wp\/v2\/posts\/107673","targetHints":{"allow":["GET"]}}],"collection":[{"href":"https:\/\/archive.sana.sy\/tr\/index.php?rest_route=\/wp\/v2\/posts"}],"about":[{"href":"https:\/\/archive.sana.sy\/tr\/index.php?rest_route=\/wp\/v2\/types\/post"}],"author":[{"embeddable":true,"href":"https:\/\/archive.sana.sy\/tr\/index.php?rest_route=\/wp\/v2\/users\/1"}],"replies":[{"embeddable":true,"href":"https:\/\/archive.sana.sy\/tr\/index.php?rest_route=%2Fwp%2Fv2%2Fcomments&post=107673"}],"version-history":[{"count":0,"href":"https:\/\/archive.sana.sy\/tr\/index.php?rest_route=\/wp\/v2\/posts\/107673\/revisions"}],"wp:featuredmedia":[{"embeddable":true,"href":"https:\/\/archive.sana.sy\/tr\/index.php?rest_route=\/wp\/v2\/media\/107676"}],"wp:attachment":[{"href":"https:\/\/archive.sana.sy\/tr\/index.php?rest_route=%2Fwp%2Fv2%2Fmedia&parent=107673"}],"wp:term":[{"taxonomy":"category","embeddable":true,"href":"https:\/\/archive.sana.sy\/tr\/index.php?rest_route=%2Fwp%2Fv2%2Fcategories&post=107673"},{"taxonomy":"post_tag","embeddable":true,"href":"https:\/\/archive.sana.sy\/tr\/index.php?rest_route=%2Fwp%2Fv2%2Ftags&post=107673"}],"curies":[{"name":"wp","href":"https:\/\/api.w.org\/{rel}","templated":true}]}}