{"id":107729,"date":"2017-03-14T08:13:34","date_gmt":"2017-03-14T06:13:34","guid":{"rendered":"http:\/\/www.sana.sy\/tr\/?p=107729"},"modified":"2017-03-14T13:14:12","modified_gmt":"2017-03-14T11:14:12","slug":"suriyedeki-krizin-siyasi-cozumu-amacli-olarak-kazakistanin-baskenti-astanada-yapilan-gorusmelerin-3-turu-bugun-bessar-el-caferi-baskanligindaki-suriye-arap-cumhuriyeti-heyetinin","status":"publish","type":"post","link":"https:\/\/archive.sana.sy\/tr\/?p=107729","title":{"rendered":"Suriye&#8217;deki krizin siyasi \u00e7\u00f6z\u00fcm\u00fc ama\u00e7l\u0131 olarak Kazakistan\u2019\u0131n ba\u015fkenti Astana\u2019da yap\u0131lan g\u00f6r\u00fc\u015fmelerin 3. Turu bug\u00fcn, Be\u015f\u015far el Caferi ba\u015fkanl\u0131\u011f\u0131ndaki Suriye Arap Cumhuriyeti heyetinin kat\u0131l\u0131m\u0131yla ba\u015flad\u0131"},"content":{"rendered":"<p>Suriye&#8217;deki krizin siyasi \u00e7\u00f6z\u00fcm\u00fc ama\u00e7l\u0131 olarak Kazakistan\u2019\u0131n ba\u015fkenti Astana\u2019da yap\u0131lan g\u00f6r\u00fc\u015fmelerin 3. Turu bug\u00fcn, Be\u015f\u015far el Caferi ba\u015fkanl\u0131\u011f\u0131ndaki Suriye Arap Cumhuriyeti heyetinin kat\u0131l\u0131m\u0131yla ba\u015flad\u0131<\/p>\n","protected":false},"excerpt":{"rendered":"<p>Suriye&#8217;deki krizin siyasi \u00e7\u00f6z\u00fcm\u00fc ama\u00e7l\u0131 olarak Kazakistan\u2019\u0131n ba\u015fkenti Astana\u2019da yap\u0131lan g\u00f6r\u00fc\u015fmelerin 3. Turu bug\u00fcn, Be\u015f\u015far el Caferi ba\u015fkanl\u0131\u011f\u0131ndaki Suriye Arap Cumhuriyeti heyetinin kat\u0131l\u0131m\u0131yla ba\u015flad\u0131<\/p>\n","protected":false},"author":1,"featured_media":0,"comment_status":"closed","ping_status":"closed","sticky":false,"template":"","format":"standard","meta":{"footnotes":""},"categories":[17991],"tags":[],"class_list":["post-107729","post","type-post","status-publish","format-standard","","category-son-dakika"],"_links":{"self":[{"href":"https:\/\/archive.sana.sy\/tr\/index.php?rest_route=\/wp\/v2\/posts\/107729","targetHints":{"allow":["GET"]}}],"collection":[{"href":"https:\/\/archive.sana.sy\/tr\/index.php?rest_route=\/wp\/v2\/posts"}],"about":[{"href":"https:\/\/archive.sana.sy\/tr\/index.php?rest_route=\/wp\/v2\/types\/post"}],"author":[{"embeddable":true,"href":"https:\/\/archive.sana.sy\/tr\/index.php?rest_route=\/wp\/v2\/users\/1"}],"replies":[{"embeddable":true,"href":"https:\/\/archive.sana.sy\/tr\/index.php?rest_route=%2Fwp%2Fv2%2Fcomments&post=107729"}],"version-history":[{"count":0,"href":"https:\/\/archive.sana.sy\/tr\/index.php?rest_route=\/wp\/v2\/posts\/107729\/revisions"}],"wp:attachment":[{"href":"https:\/\/archive.sana.sy\/tr\/index.php?rest_route=%2Fwp%2Fv2%2Fmedia&parent=107729"}],"wp:term":[{"taxonomy":"category","embeddable":true,"href":"https:\/\/archive.sana.sy\/tr\/index.php?rest_route=%2Fwp%2Fv2%2Fcategories&post=107729"},{"taxonomy":"post_tag","embeddable":true,"href":"https:\/\/archive.sana.sy\/tr\/index.php?rest_route=%2Fwp%2Fv2%2Ftags&post=107729"}],"curies":[{"name":"wp","href":"https:\/\/api.w.org\/{rel}","templated":true}]}}